{"id":2759,"date":"2020-10-22T03:33:47","date_gmt":"2020-10-22T06:33:47","guid":{"rendered":"http:\/\/vocesdebaires.com.ar\/wordpress\/index.php\/2020\/10\/22\/ciudad-debatiran-hoteleria-estudiantil-y-vigilancia\/"},"modified":"2020-10-22T03:33:47","modified_gmt":"2020-10-22T06:33:47","slug":"ciudad-debatiran-hoteleria-estudiantil-y-vigilancia","status":"publish","type":"post","link":"https:\/\/vocesdebaires.com.ar\/index.php\/2020\/10\/22\/ciudad-debatiran-hoteleria-estudiantil-y-vigilancia\/","title":{"rendered":"Ciudad: Debatir\u00e1n hoteler\u00eda estudiantil y vigilancia"},"content":{"rendered":"<p>La comisi\u00f3n de Labor Parlamentaria, que preside el legislador Agust\u00edn Forchieri (VJ); defini\u00f3 ayer\u00a0 mi\u00e9rcoles el temario a tratar durante la Sesi\u00f3n Ordinaria convocada para las 11:00 de hoy jueves en la Legislatura de la Ciudad Aut\u00f3noma de Buenos Aires. Como asuntos principales, aparecen dos iniciativas de ley, una referida a un r\u00e9gimen de promoci\u00f3n hotelera y otra inherente a la seguridad ciudadana. El programa para residencias estudiantiles es una iniciativa del legislador Gonzalo Straface (VJ) que fue analizada y despachada por tres comisiones legislativas: de Desarrollo Econ\u00f3mico, de Presupuesto y de Turismo y Deportes.<\/p>\n<p>Se trata de un r\u00e9gimen de promoci\u00f3n para que los empresarios del sector hotelero especialmente los del casco c\u00e9ntrico hist\u00f3rico- inviertan en remodelaciones o edificaciones nuevas destinadas a estudiantes universitarios y terciarios o de pos-grados que llegan a Buenos Aires para cursar sus carreras. La misma ley que se debatir\u00e1 y votar\u00e1 hoy prev\u00e9, respecto de las normas de promoci\u00f3n hotelera sancionadas en 2018 y en vigencia, \u201campliar los porcentajes de inversi\u00f3n realizada computables en concepto de Ingresos Brutos para los proyectos emplazados en determinadas zonas de la Ciudad, promoviendo su emplazamiento en barrios con una menor concentraci\u00f3n de establecimientos hoteleros\u201d.<\/p>\n<p>Otro proyecto que se debatir\u00e1 ma\u00f1ana es una modificaci\u00f3n a la ley que cre\u00f3 el sistema integral de seguridad p\u00fablica, a los efectos de actualizar la normativa referida a video vigilancia, considerando la modernizaci\u00f3n de las tecnolog\u00edas utilizadas. La propuesta fue de Claudia Neira (FdT)y otros miembros de Frente de Todos, trabajada luego por distintos bloques en la Comisi\u00f3n de Seguridad, que preside el legislador Claudio Cingolani (VJ). El objetivo expreso es aumentar y especificar las disposiciones ya establecidas en la ley tendientes a garantizar la privacidad, confidencialidad y derecho a la intimidad de las personas en lo referente a las c\u00e1maras que captan im\u00e1genes p\u00fablicas. Con proyectos del oficialismo y la oposici\u00f3n, hoy los legisladores tambi\u00e9n tienen previsto emitir manifestaciones de pesar por el asesinato de un agente policial y de repudio a las amenazas contra un sacerdote que predica en barrios de emergencia.<\/p>\n","protected":false},"excerpt":{"rendered":"<p>La comisi\u00f3n de Labor Parlamentaria, que preside el legislador Agust\u00edn Forchieri (VJ); defini\u00f3 ayer\u00a0 mi\u00e9rcoles el temario a tratar durante la Sesi\u00f3n Ordinaria convocada para las 11:00 de hoy jueves en la Legislatura de la Ciudad Aut\u00f3noma de Buenos Aires. Como asuntos principales, aparecen dos iniciativas de ley, una referida a un r\u00e9gimen de promoci\u00f3n [&hellip;]<\/p>\n","protected":false},"author":1,"featured_media":2760,"comment_status":"open","ping_status":"open","sticky":false,"template":"","format":"standard","meta":{"_et_pb_use_builder":"","_et_pb_old_content":"","_et_gb_content_width":"","footnotes":""},"categories":[11,33],"tags":[],"class_list":["post-2759","post","type-post","status-publish","format-standard","has-post-thumbnail","hentry","category-ciudad","category-sociedad-y-cultura-2"],"_links":{"self":[{"href":"https:\/\/vocesdebaires.com.ar\/index.php\/wp-json\/wp\/v2\/posts\/2759"}],"collection":[{"href":"https:\/\/vocesdebaires.com.ar\/index.php\/wp-json\/wp\/v2\/posts"}],"about":[{"href":"https:\/\/vocesdebaires.com.ar\/index.php\/wp-json\/wp\/v2\/types\/post"}],"author":[{"embeddable":true,"href":"https:\/\/vocesdebaires.com.ar\/index.php\/wp-json\/wp\/v2\/users\/1"}],"replies":[{"embeddable":true,"href":"https:\/\/vocesdebaires.com.ar\/index.php\/wp-json\/wp\/v2\/comments?post=2759"}],"version-history":[{"count":0,"href":"https:\/\/vocesdebaires.com.ar\/index.php\/wp-json\/wp\/v2\/posts\/2759\/revisions"}],"wp:featuredmedia":[{"embeddable":true,"href":"https:\/\/vocesdebaires.com.ar\/index.php\/wp-json\/wp\/v2\/media\/2760"}],"wp:attachment":[{"href":"https:\/\/vocesdebaires.com.ar\/index.php\/wp-json\/wp\/v2\/media?parent=2759"}],"wp:term":[{"taxonomy":"category","embeddable":true,"href":"https:\/\/vocesdebaires.com.ar\/index.php\/wp-json\/wp\/v2\/categories?post=2759"},{"taxonomy":"post_tag","embeddable":true,"href":"https:\/\/vocesdebaires.com.ar\/index.php\/wp-json\/wp\/v2\/tags?post=2759"}],"curies":[{"name":"wp","href":"https:\/\/api.w.org\/{rel}","templated":true}]}}