{"id":2794,"date":"2020-09-17T03:00:00","date_gmt":"2020-09-17T06:00:00","guid":{"rendered":"http:\/\/vocesdebaires.com.ar\/wordpress\/index.php\/2020\/09\/17\/semana-de-la-movilidad-sustentable-9-edicion\/"},"modified":"2020-09-17T03:00:00","modified_gmt":"2020-09-17T06:00:00","slug":"semana-de-la-movilidad-sustentable-9-edicion","status":"publish","type":"post","link":"https:\/\/vocesdebaires.com.ar\/index.php\/2020\/09\/17\/semana-de-la-movilidad-sustentable-9-edicion\/","title":{"rendered":"Semana de la Movilidad Sustentable 9\u00b0 edici\u00f3n"},"content":{"rendered":"<p>Desde hace 9 a\u00f1os, la Secretar\u00eda de Transporte y Obras P\u00fablicas organiza durante la Semana de la Movilidad Sustentable diferentes acciones centradas en promover formas de movilidad amigables con el medioambiente. El contexto que atraviesa nuestra ciudad y nuestro pa\u00eds respecto a la pandemia, nos encuentra en un momento hist\u00f3rico en donde est\u00e1 cambiando notablemente la manera de movernos, y en donde cada vez son m\u00e1s los vecinos y las vecinas que eligen la bicicleta y otras formas de movilidad activa.<\/p>\n<p>Gracias al incentivo de la movilidad sustentable, mientras que en 2009 s\u00f3lo 0.4% de los viajes de la Ciudad se hac\u00edan en bicicleta; antes de la pandemia ese porcentaje ya hab\u00eda ascendido al 4% (alrededor de 300 mil viajes). El contexto de los \u00faltimos meses impuls\u00f3 a\u00fan m\u00e1s su uso, y este medio de transporte saludable, ecol\u00f3gico y sustentable, se ha convertido en verdadero protagonista. Sigamos incentivando y celebrando este cambio cultural que atraviesa nuestra Ciudad.<\/p>\n<p><strong>La Semana de la Movilidad Sustentable tiene como objetivo:<\/strong><\/p>\n<p>Promover el uso de la bicicleta, el transporte p\u00fablico y la caminabilidad como formas de movilidad amigables con el medioambiente.<br \/>Promover el uso racional del auto, el carpooling y la seguridad vial.<br \/>Seguir impulsando el cambio cultural en la movilidad a trav\u00e9s de las diversas organizaciones de la Ciudad y en sus entornos de influencia.<br \/>Dado el contexto actual algunos eventos que usualmente se realizaban de forma presencial en la Ciudad para celebrar esta Semana, se har\u00e1n a trav\u00e9s de acciones virtuales y redes sociales.<\/p>\n<p><strong>Actividades<\/strong><\/p>\n<p>Charla de seguridad para principiantes en bici: Debido al notable incremento de ciclistas que vemos en la Ciudad, la Asociaci\u00f3n de Ciclistas Urbanos (ACU), brindar\u00e1 una charla de Movilidad Sustentable y Segura para principiantes en el uso de la bicicleta.<br \/>Mi\u00e9rcoles 16 a las 17hs. Link ID de reuni\u00f3n: 820 8330 7376 C\u00f3digo de acceso: ACU<\/p>\n<p>Taller de Mec\u00e1nica Sencilla para bicicletas: Romina Pick es egresada del Centro de formaci\u00f3n profesional n\u00famero 1\u00b0 de Barracas y se recibi\u00f3 de \u00abMec\u00e1nica auxiliar de bicicletas\u201d. Brindar\u00e1 un taller virtual sobre mec\u00e1nica sencilla para que puedas aprender a arreglar tu bici.<br \/>Jueves 17 a las 18hs. Link: Instagram en vivo de El Recoleta<\/p>\n<p>Charla de Ambiente y Covid 19: La organizaci\u00f3n Cascos Verdes, tambi\u00e9n miembro del Programa, brindar\u00e1 una charla para 140 empresas con el fin de conversar entre otras cosas, sobre el impacto del Covid en el ambiente. Viernes 18 a las 15hs. Link ID de reuni\u00f3n: 826 3955 4785. Webinar para Empresas: Andreani, empresa miembro del Programa Amigos de la Movilidad Sustentable y Segura, brindar\u00e1 un webinar sobre Movilidad sustentable para el resto de las empresas que forman parte del programa. Lunes 21 a las 10hs. Si tu empresa es parte del programa AMSyS, podes pedir el link para sumarte a <a href=\"mailto:amigosdelamovilidad@buenosaires.gob.ar\">amigosdelamovilidad@buenosaires.gob.ar<\/a><\/p>\n<p>Comunicaci\u00f3n interna: Todas las empresas y organizaciones miembros del Programa Amigos de la Movilidad Sustentable y Segura, recibir\u00e1n, como todos los a\u00f1os, piezas de comunicaci\u00f3n sobre las efem\u00e9rides de esta semana para compartir con sus entornos de influencia. El compromiso y apoyo en la comunicaci\u00f3n interna de estas empresas, multiplica y potencia el mensaje, y los convierte en verdaderos aliados de esta transformaci\u00f3n cultural.<\/p>\n<p>Festival de descuentos: Algunas bicicleter\u00edas de la Ciudad, impulsadas por la C\u00e1mara Argentina de Comercio e Industria de Bicicletas (COMMBI) ofrecer\u00e1n 10% de descuento \u00fanicamente en efectivo en accesorios como casco, luces, lingas, entre otros, hasta agotar stock.<\/p>\n<p><strong>Las bicicleter\u00edas que participan son:<\/strong><\/p>\n<p>American Bike &#8211; Av. Cnel. D\u00edaz 1664<br \/>Bicicletas Mila &#8211; Caseros 402<br \/>Canaglia &#8211; Av. C\u00f3rdoba 3489 &#8211; Lafinur 3057 &#8211; Viamonte 967 &#8211; Av. Rivadavia 10700<br \/>D\u2019aye Bycicles &#8211; Av. Cris\u00f3logo Larralde 5690<br \/>Espindola &#8211; Jun\u00edn 301<br \/>Ham Bike &#8211; Av. Juan Bautista Alberdi 7198<br \/>La esquina del rodado &#8211; Av. Garay 900<br \/>Monochrome &#8211; Venta online<br \/>Nodari &#8211; Avda. D\u00edaz V\u00e9lez 4686<br \/>New Bikes &#8211; Monroe 2364 &#8211; Scalabrini Ortiz 2553<br \/>Rodados Paternal &#8211; Av. Tte. Gral. Donato \u00c1lvarez 2090<br \/>Adem\u00e1s, el Banco Ciudad contin\u00faa ofreciendo el plan de 24 cuotas sin inter\u00e9s en la compra de bicicletas en todas las bicicleter\u00edas de la ciudad.<\/p>\n<p><strong>Las siguientes bicicleter\u00edas adem\u00e1s, ofrecen el 35% de descuento a los clientes del Banco Ita\u00fa:<\/strong><\/p>\n<p>Bicicletas Mila &#8211; Caseros 402<br \/>New Bikes &#8211; Monroe 2364 &#8211; Scalabrini Ortiz 2553<br \/>Canaglia &#8211; Av. C\u00f3rdoba 3489 &#8211; Lafinur 3057 &#8211; Viamonte 967 &#8211; Av. Rivadavia 10700<br \/>Espindola &#8211; Jun\u00edn 301<br \/>La esquina del rodado &#8211; Av. Garay 900<\/p>\n<p><strong>Sobre el Programa Amigos de la Movilidad Sustentable y Segura<\/strong><\/p>\n<p>El Programa tiene como objetivo promover pr\u00e1cticas de movilidad sustentable entre los miembros de las diversas organizaciones de la Ciudad y en sus entornos de influencia. Incentivamos a los distintos actores que componen el programa a fomentar activamente y hoy m\u00e1s que nunca desde su lugar el uso de la bicicleta por parte de sus empleados. Ya son m\u00e1s de 1000 organizaciones \u2013 entre ellas, empresas, universidades, embajadas, ONG, emprendedores, bicicleter\u00edas y locales comerciales \u2013 las que firmaron el Acta de Compromiso para promover la movilidad sustentable y la seguridad vial. Teniendo en cuenta que la mayor\u00eda de los traslados que realizan las personas son por motivos de trabajo o estudio, el programa busca crear una alianza entre el Gobierno de la Ciudad y la comunidad, para sumar aliados que fomenten alternativas de transporte saludables y sustentables, como la bicicleta, la caminabilidad y el transporte p\u00fablico, que promuevan la seguridad vial y la convivencia en el espacio p\u00fablico.<\/p>\n","protected":false},"excerpt":{"rendered":"<p>Desde hace 9 a\u00f1os, la Secretar\u00eda de Transporte y Obras P\u00fablicas organiza durante la Semana de la Movilidad Sustentable diferentes acciones centradas en promover formas de movilidad amigables con el medioambiente. El contexto que atraviesa nuestra ciudad y nuestro pa\u00eds respecto a la pandemia, nos encuentra en un momento hist\u00f3rico en donde est\u00e1 cambiando notablemente [&hellip;]<\/p>\n","protected":false},"author":1,"featured_media":281,"comment_status":"open","ping_status":"open","sticky":false,"template":"","format":"standard","meta":{"_et_pb_use_builder":"","_et_pb_old_content":"","_et_gb_content_width":"","footnotes":""},"categories":[11,32],"tags":[],"class_list":["post-2794","post","type-post","status-publish","format-standard","has-post-thumbnail","hentry","category-ciudad","category-comunas"],"_links":{"self":[{"href":"https:\/\/vocesdebaires.com.ar\/index.php\/wp-json\/wp\/v2\/posts\/2794"}],"collection":[{"href":"https:\/\/vocesdebaires.com.ar\/index.php\/wp-json\/wp\/v2\/posts"}],"about":[{"href":"https:\/\/vocesdebaires.com.ar\/index.php\/wp-json\/wp\/v2\/types\/post"}],"author":[{"embeddable":true,"href":"https:\/\/vocesdebaires.com.ar\/index.php\/wp-json\/wp\/v2\/users\/1"}],"replies":[{"embeddable":true,"href":"https:\/\/vocesdebaires.com.ar\/index.php\/wp-json\/wp\/v2\/comments?post=2794"}],"version-history":[{"count":0,"href":"https:\/\/vocesdebaires.com.ar\/index.php\/wp-json\/wp\/v2\/posts\/2794\/revisions"}],"wp:featuredmedia":[{"embeddable":true,"href":"https:\/\/vocesdebaires.com.ar\/index.php\/wp-json\/wp\/v2\/media\/281"}],"wp:attachment":[{"href":"https:\/\/vocesdebaires.com.ar\/index.php\/wp-json\/wp\/v2\/media?parent=2794"}],"wp:term":[{"taxonomy":"category","embeddable":true,"href":"https:\/\/vocesdebaires.com.ar\/index.php\/wp-json\/wp\/v2\/categories?post=2794"},{"taxonomy":"post_tag","embeddable":true,"href":"https:\/\/vocesdebaires.com.ar\/index.php\/wp-json\/wp\/v2\/tags?post=2794"}],"curies":[{"name":"wp","href":"https:\/\/api.w.org\/{rel}","templated":true}]}}