{"id":2815,"date":"2020-09-08T04:06:26","date_gmt":"2020-09-08T07:06:26","guid":{"rendered":"http:\/\/vocesdebaires.com.ar\/wordpress\/index.php\/2020\/09\/08\/ciudad-denuncia-por-terrenos-del-tiro-federal\/"},"modified":"2020-09-08T04:06:26","modified_gmt":"2020-09-08T07:06:26","slug":"ciudad-denuncia-por-terrenos-del-tiro-federal","status":"publish","type":"post","link":"https:\/\/vocesdebaires.com.ar\/index.php\/2020\/09\/08\/ciudad-denuncia-por-terrenos-del-tiro-federal\/","title":{"rendered":"Ciudad: Denuncia por terrenos del Tiro Federal"},"content":{"rendered":"<p>El legislador porte\u00f1o Santiago Roberto (Frente de Todos) present\u00f3 un pedido de informes para investigar supuestas irregularidades en el proceso de tasaci\u00f3n llevado a cabo por el Gobierno de la Ciudad sobre el sector del \u00abPol\u00edgono A\u00bb de los terrenos del Tiro Federal, que luego fue vendido por un monto mucho menor al estipulado. Roberto argumenta su denuncia en que, seg\u00fan el informe elaborado por la Auditor\u00eda General de la Ciudad, el Ejecutivo porte\u00f1o orden\u00f3 hacer una tasaci\u00f3n privada sobre un sector de las tierras de Tiro Federal, donde se realizar\u00e1 el proyecto \u00abParque de la Innovaci\u00f3n\u00bb, cuando el encargado de las tasaciones oficiales y obligatorio para todo proceso de venta de inmuebles es el Banco de la Ciudad.<\/p>\n<p>A trav\u00e9s de un pedido de informes, Roberto le pide al Gobierno porte\u00f1o\u00a0 que explique \u00abpor qu\u00e9 la\u00a0 Direcci\u00f3n de Gesti\u00f3n de Inversiones solicit\u00f3 la realizaci\u00f3n de la tasaci\u00f3n a la firma L. J. Ramos Brokers Inmobiliarios S.A. antes de que se realice el proceso de contrataci\u00f3n. Esa empresa inmobiliaria inici\u00f3 sus tareas en el mes de enero concluy\u00e9ndolas el 10 de febrero, sin embargo el expediente de la contrataci\u00f3n tuvo apertura el 10 de febrero y recibi\u00f3 cotizaciones de otras firmas en los d\u00edas 16 y 24 de febrero, despu\u00e9s que el ganador ya hab\u00eda terminado el trabajo y presentado su factura\u00bb.<\/p>\n<p>Al respecto, el legislador porte\u00f1o Roberto alert\u00f3: \u00abNo solo la contrataci\u00f3n de la empresa tasadora fue de manera irregular sino que la venta del \u00b4Pol\u00edgono A\u00b4 del Tiro Federal fue por un precio menor del que estaba valuado el terreno\u00bb- y agreg\u00f3.\u00bb La firma L. J. Ramos Brokers Inmobiliarios S.A cotiz\u00f3 esas tierras en 2017 por un valor de venta de\u00a0 175 millones de d\u00f3lares y 20 meses despu\u00e9s esas mismas parcelas fueron subastadas por 151 millones de d\u00f3lares\u00bb.<\/p>\n<p>Por su parte, el Auditor General Lisandro Teszkiewicz (Frente de Todos) envi\u00f3 el informe realizado por la\u00a0 Auditor\u00eda a la Procuraci\u00f3n General de la Ciudad para que investigue las irregularidades detectadas y la posible comisi\u00f3n de delitos. \u00abEn este caso, estamos ante la venta r\u00e9cord para el valor de un inmueble de la Ciudad, una de las parcelas m\u00e1s caras de todo Buenos Aires, y cuando vamos a los papeles, vemos que se contrat\u00f3 una consultora privada para hacer un trabajo que es atribuci\u00f3n del Banco Ciudad y que dicha contrataci\u00f3n estuvo plagada de irregularidades. Resulta evidente que todas estas maniobras deben investigarse\u201d, se\u00f1al\u00f3 Teszkiewicz.<\/p>\n<p>Para finalizar, el legislador Roberto expres\u00f3: \u00abLa\u00a0 Ciudad perdi\u00f3 de sus arcas 24 millones de d\u00f3lares que se podr\u00edan haber invertido en \u00e1reas sensibles como salud, educaci\u00f3n y vivienda. Por eso es fundamental que el Gobierno porte\u00f1o brinde respuestas sobre estas irregularidades que terminan con el enriquecimiento de unos pocos empresarios, que viven a costa de los negocios inmobiliarios y perjudican el patrimonio de toda la ciudadan\u00eda\u00bb Son coautores del pedido de Informes las y los legisladores del Frente de Todos: Claudio Ferre\u00f1o, Javier Andrade, Mat\u00edas Barroetave\u00f1a, Mar\u00eda Bielli, Luc\u00eda Campora, Victoria Montenegro, Claudio Morresi, Lorena Pokoik, Leandro Santoro, Manuel Soc\u00edas, Juan Manuel Vald\u00e9s y Laura Velasco.<\/p>\n","protected":false},"excerpt":{"rendered":"<p>El legislador porte\u00f1o Santiago Roberto (Frente de Todos) present\u00f3 un pedido de informes para investigar supuestas irregularidades en el proceso de tasaci\u00f3n llevado a cabo por el Gobierno de la Ciudad sobre el sector del \u00abPol\u00edgono A\u00bb de los terrenos del Tiro Federal, que luego fue vendido por un monto mucho menor al estipulado. Roberto [&hellip;]<\/p>\n","protected":false},"author":1,"featured_media":2816,"comment_status":"open","ping_status":"open","sticky":false,"template":"","format":"standard","meta":{"_et_pb_use_builder":"","_et_pb_old_content":"","_et_gb_content_width":"","footnotes":""},"categories":[11,32],"tags":[],"class_list":["post-2815","post","type-post","status-publish","format-standard","has-post-thumbnail","hentry","category-ciudad","category-comunas"],"_links":{"self":[{"href":"https:\/\/vocesdebaires.com.ar\/index.php\/wp-json\/wp\/v2\/posts\/2815"}],"collection":[{"href":"https:\/\/vocesdebaires.com.ar\/index.php\/wp-json\/wp\/v2\/posts"}],"about":[{"href":"https:\/\/vocesdebaires.com.ar\/index.php\/wp-json\/wp\/v2\/types\/post"}],"author":[{"embeddable":true,"href":"https:\/\/vocesdebaires.com.ar\/index.php\/wp-json\/wp\/v2\/users\/1"}],"replies":[{"embeddable":true,"href":"https:\/\/vocesdebaires.com.ar\/index.php\/wp-json\/wp\/v2\/comments?post=2815"}],"version-history":[{"count":0,"href":"https:\/\/vocesdebaires.com.ar\/index.php\/wp-json\/wp\/v2\/posts\/2815\/revisions"}],"wp:featuredmedia":[{"embeddable":true,"href":"https:\/\/vocesdebaires.com.ar\/index.php\/wp-json\/wp\/v2\/media\/2816"}],"wp:attachment":[{"href":"https:\/\/vocesdebaires.com.ar\/index.php\/wp-json\/wp\/v2\/media?parent=2815"}],"wp:term":[{"taxonomy":"category","embeddable":true,"href":"https:\/\/vocesdebaires.com.ar\/index.php\/wp-json\/wp\/v2\/categories?post=2815"},{"taxonomy":"post_tag","embeddable":true,"href":"https:\/\/vocesdebaires.com.ar\/index.php\/wp-json\/wp\/v2\/tags?post=2815"}],"curies":[{"name":"wp","href":"https:\/\/api.w.org\/{rel}","templated":true}]}}