{"id":2825,"date":"2020-09-07T03:00:00","date_gmt":"2020-09-07T06:00:00","guid":{"rendered":"http:\/\/vocesdebaires.com.ar\/wordpress\/index.php\/2020\/09\/07\/larreta-y-migliore-visitaron-el-barrio-rodrigo-bueno\/"},"modified":"2020-09-07T03:00:00","modified_gmt":"2020-09-07T06:00:00","slug":"larreta-y-migliore-visitaron-el-barrio-rodrigo-bueno","status":"publish","type":"post","link":"https:\/\/vocesdebaires.com.ar\/index.php\/2020\/09\/07\/larreta-y-migliore-visitaron-el-barrio-rodrigo-bueno\/","title":{"rendered":"Larreta y Migliore visitaron el Barrio Rodrigo Bueno"},"content":{"rendered":"<p>El pasado s\u00e1bado el Jefe de Gobierno de la Ciudad de Buenos Aires junto a la Ministra de Desarrollo Humano y H\u00e1bitat, participaron de la reapertura del primer patio gastron\u00f3mico de toda la ciudad. Luego de meses de permanecer cerrado debido a la pandemia el patio gastron\u00f3mico del barrio Rodrigo Bueno reabri\u00f3 sus puertas con todos los protocolos necesarios. Fueron readaptadas las instalaciones con indicaciones y se\u00f1al\u00e9tica para respetar el distanciamiento social y protocolos necesarios para prevenci\u00f3n del Covid. De la reapertura tambi\u00e9n particip\u00f3 el ministro de Desarrollo Econ\u00f3mico y Producci\u00f3n de la Ciudad, Jos\u00e9 Luis Giusti.<\/p>\n<p>En el barrio Rodrigo Bueno viven 2665 personas en 563 viviendas. En 2019 se realiz\u00f3 un relevamiento entre los vecinos del barrio Rodrigo Bueno. Los resultados ense\u00f1aron que la gastronom\u00eda, representa un pilar fundamental en el perfil productivo local. D\u00e9 esa escucha, el Patio Gastron\u00f3mico surge como una iniciativa para potenciar los emprendimientos existentes en el barrio y fomentar el desarrollo econ\u00f3mico de las familias. Significando m\u00e1s empleabilidad, producci\u00f3n y ventas.<\/p>\n<p><strong>Sobre el patio gastron\u00f3mico:<\/strong><br \/>Es una iniciativa conjunta entre BA Capital Gastron\u00f3mica y el IVC que parte del plan de integraci\u00f3n urbana del Gobierno de la Ciudad de Buenos Aires. El patio cuenta con 10 puestos de comida, 6 de cocineros y cocineras del barrio, y 5 de emprendedores privados, en los que se ofrece ceviche, empanadas, parrilla, hamburguesas, pizzas, tortas y dulces, entre otros platos; en momentos de actividad el patio recibe un promedio 500 visitas por fin de semana.<\/p>\n","protected":false},"excerpt":{"rendered":"<p>El pasado s\u00e1bado el Jefe de Gobierno de la Ciudad de Buenos Aires junto a la Ministra de Desarrollo Humano y H\u00e1bitat, participaron de la reapertura del primer patio gastron\u00f3mico de toda la ciudad. Luego de meses de permanecer cerrado debido a la pandemia el patio gastron\u00f3mico del barrio Rodrigo Bueno reabri\u00f3 sus puertas con [&hellip;]<\/p>\n","protected":false},"author":1,"featured_media":2826,"comment_status":"open","ping_status":"open","sticky":false,"template":"","format":"standard","meta":{"_et_pb_use_builder":"","_et_pb_old_content":"","_et_gb_content_width":"","footnotes":""},"categories":[11,32],"tags":[],"class_list":["post-2825","post","type-post","status-publish","format-standard","has-post-thumbnail","hentry","category-ciudad","category-comunas"],"_links":{"self":[{"href":"https:\/\/vocesdebaires.com.ar\/index.php\/wp-json\/wp\/v2\/posts\/2825"}],"collection":[{"href":"https:\/\/vocesdebaires.com.ar\/index.php\/wp-json\/wp\/v2\/posts"}],"about":[{"href":"https:\/\/vocesdebaires.com.ar\/index.php\/wp-json\/wp\/v2\/types\/post"}],"author":[{"embeddable":true,"href":"https:\/\/vocesdebaires.com.ar\/index.php\/wp-json\/wp\/v2\/users\/1"}],"replies":[{"embeddable":true,"href":"https:\/\/vocesdebaires.com.ar\/index.php\/wp-json\/wp\/v2\/comments?post=2825"}],"version-history":[{"count":0,"href":"https:\/\/vocesdebaires.com.ar\/index.php\/wp-json\/wp\/v2\/posts\/2825\/revisions"}],"wp:featuredmedia":[{"embeddable":true,"href":"https:\/\/vocesdebaires.com.ar\/index.php\/wp-json\/wp\/v2\/media\/2826"}],"wp:attachment":[{"href":"https:\/\/vocesdebaires.com.ar\/index.php\/wp-json\/wp\/v2\/media?parent=2825"}],"wp:term":[{"taxonomy":"category","embeddable":true,"href":"https:\/\/vocesdebaires.com.ar\/index.php\/wp-json\/wp\/v2\/categories?post=2825"},{"taxonomy":"post_tag","embeddable":true,"href":"https:\/\/vocesdebaires.com.ar\/index.php\/wp-json\/wp\/v2\/tags?post=2825"}],"curies":[{"name":"wp","href":"https:\/\/api.w.org\/{rel}","templated":true}]}}