{"id":2827,"date":"2020-09-07T03:00:00","date_gmt":"2020-09-07T06:00:00","guid":{"rendered":"http:\/\/vocesdebaires.com.ar\/wordpress\/index.php\/2020\/09\/07\/ciudaddetuvieron-falsos-recolectores-de-basura\/"},"modified":"2020-09-07T03:00:00","modified_gmt":"2020-09-07T06:00:00","slug":"ciudaddetuvieron-falsos-recolectores-de-basura","status":"publish","type":"post","link":"https:\/\/vocesdebaires.com.ar\/index.php\/2020\/09\/07\/ciudaddetuvieron-falsos-recolectores-de-basura\/","title":{"rendered":"Ciudad:detuvieron falsos recolectores de basura"},"content":{"rendered":"<p>El hecho ocurri\u00f3 d\u00edas atr\u00e1s cuando efectivos de la Comisar\u00eda Vecinal 15 A fueron alertados sobre los tres imputados, que estaban vestidos con ropas de higiene urbana observando domicilios y tocando timbres, en el cruce de Olleros y Rosetti. Se trata de tres hombres, de 35, 36 y 41 a\u00f1os, a quienes se les labr\u00f3 por orden de la Fiscal\u00eda Penal, Contravencional y de Faltas N\u00ba5, un acta por infracci\u00f3n al art\u00edculo 81, vinculado a apariencia falsa, y se les secuestr\u00f3 los buzos.\u00a0 Si bien ninguno ten\u00eda impedimento legal, uno de ellos pose\u00eda una causa por \u201crebeld\u00eda\u201d, a solicitud del Juzgado de Garant\u00edas N\u00ba6 de la Provincia de Buenos Aires.<\/p>\n","protected":false},"excerpt":{"rendered":"<p>El hecho ocurri\u00f3 d\u00edas atr\u00e1s cuando efectivos de la Comisar\u00eda Vecinal 15 A fueron alertados sobre los tres imputados, que estaban vestidos con ropas de higiene urbana observando domicilios y tocando timbres, en el cruce de Olleros y Rosetti. Se trata de tres hombres, de 35, 36 y 41 a\u00f1os, a quienes se les labr\u00f3 [&hellip;]<\/p>\n","protected":false},"author":1,"featured_media":2828,"comment_status":"open","ping_status":"open","sticky":false,"template":"","format":"standard","meta":{"_et_pb_use_builder":"","_et_pb_old_content":"","_et_gb_content_width":"","footnotes":""},"categories":[11,32],"tags":[],"class_list":["post-2827","post","type-post","status-publish","format-standard","has-post-thumbnail","hentry","category-ciudad","category-comunas"],"_links":{"self":[{"href":"https:\/\/vocesdebaires.com.ar\/index.php\/wp-json\/wp\/v2\/posts\/2827"}],"collection":[{"href":"https:\/\/vocesdebaires.com.ar\/index.php\/wp-json\/wp\/v2\/posts"}],"about":[{"href":"https:\/\/vocesdebaires.com.ar\/index.php\/wp-json\/wp\/v2\/types\/post"}],"author":[{"embeddable":true,"href":"https:\/\/vocesdebaires.com.ar\/index.php\/wp-json\/wp\/v2\/users\/1"}],"replies":[{"embeddable":true,"href":"https:\/\/vocesdebaires.com.ar\/index.php\/wp-json\/wp\/v2\/comments?post=2827"}],"version-history":[{"count":0,"href":"https:\/\/vocesdebaires.com.ar\/index.php\/wp-json\/wp\/v2\/posts\/2827\/revisions"}],"wp:featuredmedia":[{"embeddable":true,"href":"https:\/\/vocesdebaires.com.ar\/index.php\/wp-json\/wp\/v2\/media\/2828"}],"wp:attachment":[{"href":"https:\/\/vocesdebaires.com.ar\/index.php\/wp-json\/wp\/v2\/media?parent=2827"}],"wp:term":[{"taxonomy":"category","embeddable":true,"href":"https:\/\/vocesdebaires.com.ar\/index.php\/wp-json\/wp\/v2\/categories?post=2827"},{"taxonomy":"post_tag","embeddable":true,"href":"https:\/\/vocesdebaires.com.ar\/index.php\/wp-json\/wp\/v2\/tags?post=2827"}],"curies":[{"name":"wp","href":"https:\/\/api.w.org\/{rel}","templated":true}]}}