{"id":2831,"date":"2020-09-07T03:00:00","date_gmt":"2020-09-07T06:00:00","guid":{"rendered":"http:\/\/vocesdebaires.com.ar\/wordpress\/index.php\/2020\/09\/07\/amia-becas-para-cursos-de-formacion-profesional\/"},"modified":"2020-09-07T03:00:00","modified_gmt":"2020-09-07T06:00:00","slug":"amia-becas-para-cursos-de-formacion-profesional","status":"publish","type":"post","link":"https:\/\/vocesdebaires.com.ar\/index.php\/2020\/09\/07\/amia-becas-para-cursos-de-formacion-profesional\/","title":{"rendered":"AMIA: Becas para cursos de formaci\u00f3n profesional"},"content":{"rendered":"<p>El Servicio de Empleo AMIA (SEA) convoca a personas entre 21 y 50 a\u00f1os, que est\u00e9n actualmente desempleadas, o con trabajos informales afectados por la pandemia, a postular a las becas completas que se dar\u00e1n para realizar cursos online de la plataforma \u201cCapacitarte\u201d. Durante septiembre, los cursos disponibles para quienes quieran acceder a esta oportunidad de formaci\u00f3n ser\u00e1n \u201cIntroducci\u00f3n al Excel\u201d (con 20 horas de duraci\u00f3n) y \u201cSeguridad e Higiene\u201d (8 horas de cursada). Ambos ser\u00e1n dictados a distancia y estar\u00e1n habilitados para consultarlos durante todo el d\u00eda.<\/p>\n<p>\u201cHasta el momento se han otorgado cuarenta becas, veintiuno durante julio y diecinueve en agosto. Nuestro objetivo es promover conocimientos y herramientas \u00fatiles para el desarrollo personal y profesional de las personas. Cada mes, las tem\u00e1ticas de los cursos ir\u00e1n cambiando, como as\u00ed tambi\u00e9n los requisitos de participaci\u00f3n para dar oportunidades, as\u00ed, a diferentes perfiles\u201d, expresaron desde el SEA. Para postularse, es requisito contar con estudios secundarios completos y tener la motivaci\u00f3n de insertarse laboralmente en el rubro del curso elegido. Los interesados deben ingresar a este<\/p>\n<p>link: <a href=\"https:\/\/www.empleos.amia.org.ar\/buscas-empleo\/capacitaci\u00f3n-a-distancia\/becas-capacitarte-amia\/\">https:\/\/www.empleos.amia.org.ar\/buscas-empleo\/capacitaci\u00f3n-a-distancia\/becas-capacitarte-amia\/<\/a> \u2026 La plataforma \u201cCapacitarte\u201d es una iniciativa educativa creada por estudiantes, docentes y graduados de la Facultad de Ciencias Econ\u00f3micas de la Universidad de Buenos Aires, cuyas propuestas est\u00e1n abiertas a toda la sociedad.<\/p>\n","protected":false},"excerpt":{"rendered":"<p>El Servicio de Empleo AMIA (SEA) convoca a personas entre 21 y 50 a\u00f1os, que est\u00e9n actualmente desempleadas, o con trabajos informales afectados por la pandemia, a postular a las becas completas que se dar\u00e1n para realizar cursos online de la plataforma \u201cCapacitarte\u201d. Durante septiembre, los cursos disponibles para quienes quieran acceder a esta oportunidad [&hellip;]<\/p>\n","protected":false},"author":1,"featured_media":1945,"comment_status":"open","ping_status":"open","sticky":false,"template":"","format":"standard","meta":{"_et_pb_use_builder":"","_et_pb_old_content":"","_et_gb_content_width":"","footnotes":""},"categories":[11,33],"tags":[],"class_list":["post-2831","post","type-post","status-publish","format-standard","has-post-thumbnail","hentry","category-ciudad","category-sociedad-y-cultura-2"],"_links":{"self":[{"href":"https:\/\/vocesdebaires.com.ar\/index.php\/wp-json\/wp\/v2\/posts\/2831"}],"collection":[{"href":"https:\/\/vocesdebaires.com.ar\/index.php\/wp-json\/wp\/v2\/posts"}],"about":[{"href":"https:\/\/vocesdebaires.com.ar\/index.php\/wp-json\/wp\/v2\/types\/post"}],"author":[{"embeddable":true,"href":"https:\/\/vocesdebaires.com.ar\/index.php\/wp-json\/wp\/v2\/users\/1"}],"replies":[{"embeddable":true,"href":"https:\/\/vocesdebaires.com.ar\/index.php\/wp-json\/wp\/v2\/comments?post=2831"}],"version-history":[{"count":0,"href":"https:\/\/vocesdebaires.com.ar\/index.php\/wp-json\/wp\/v2\/posts\/2831\/revisions"}],"wp:featuredmedia":[{"embeddable":true,"href":"https:\/\/vocesdebaires.com.ar\/index.php\/wp-json\/wp\/v2\/media\/1945"}],"wp:attachment":[{"href":"https:\/\/vocesdebaires.com.ar\/index.php\/wp-json\/wp\/v2\/media?parent=2831"}],"wp:term":[{"taxonomy":"category","embeddable":true,"href":"https:\/\/vocesdebaires.com.ar\/index.php\/wp-json\/wp\/v2\/categories?post=2831"},{"taxonomy":"post_tag","embeddable":true,"href":"https:\/\/vocesdebaires.com.ar\/index.php\/wp-json\/wp\/v2\/tags?post=2831"}],"curies":[{"name":"wp","href":"https:\/\/api.w.org\/{rel}","templated":true}]}}