{"id":28336,"date":"2015-01-09T14:23:56","date_gmt":"2015-01-09T17:23:56","guid":{"rendered":"http:\/\/vocesdebaires.com.ar\/wordpress\/index.php\/2015\/01\/09\/la-piloto-alicia-reina-tuvo-que-abandonar-el-dakar-3\/"},"modified":"2015-01-09T14:23:56","modified_gmt":"2015-01-09T17:23:56","slug":"la-piloto-alicia-reina-tuvo-que-abandonar-el-dakar-3","status":"publish","type":"post","link":"https:\/\/vocesdebaires.com.ar\/index.php\/2015\/01\/09\/la-piloto-alicia-reina-tuvo-que-abandonar-el-dakar-3\/","title":{"rendered":"La piloto  Alicia Reina tuvo que abandonar el Dakar"},"content":{"rendered":"<p>\u00a0<br \/>\n\u201cEl Dakar es as\u00ed. Un d\u00eda eres el h\u00e9roe y el siguiente el villano\u201d, admiti\u00f3 hace unos a\u00f1os el espa\u00f1ol Carlos Sainz, todo un experimentado en la materia (venci\u00f3 en la edici\u00f3n 2010). Y efectivamente la prueba m\u00e1s dura del planeta puede darte grandes alegr\u00edas y tambi\u00e9n muchas decepciones. En esta edici\u00f3n 2015 (Argentina-Chile-Bolivia), Alicia Reina vivi\u00f3 este \u00faltimo sentimiento. La rionegrina, representante de los peque\u00f1os y medianos empresarios argentinos, esta vez no pudo y debi\u00f3 decir adi\u00f3s, ya que este mi\u00e9rcoles los problemas en el motor de su Toyota le impidieron largar la Etapa 4 entre Chilecito y Copiap\u00f3.<br \/>\n\u201cEs como que dur\u00f3 tan poco que no lo puedo creer. De repente, te qued\u00e1s sin nada\u2026 Ten\u00eda las esperanzas de llegar al campamento de Chilecito y volver a salir, pero no se pudo. Trato de no darme manija; ya pas\u00f3, no hay vuelta atr\u00e1s. Sab\u00eda que esto es parte del Dakar, pero en la previa es en lo que menos trataba de pensar, por eso estoy con mucha tristeza\u201d, asegur\u00f3 Reina, que cuenta desde la edici\u00f3n 2014 con el apoyo de la Confederaci\u00f3n Argentina de la Mediana Empresa (CAME).<br \/>\nAlicia y su navegante Dante Pelayo no pudieron repetir la haza\u00f1a de terminar el Dakar como sucedi\u00f3 en su debut, en la pasada edici\u00f3n, cuando finalizaron en la 60\u00aa posici\u00f3n (la catrilense se convirti\u00f3 en la primera y \u00fanica mujer argentina en completar esta competencia dentro de la categor\u00eda Autos). \u201cSab\u00edamos que si abandon\u00e1bamos iba a ser por un problema en la camioneta, porque se rompiera algo, ya que con Dante no pens\u00e1bamos entregarnos nunca. De hecho, pusimos todo para poder continuar e hicimos lo m\u00e1ximo posible para arreglar y seguir, pero no hubo caso\u201d, cont\u00f3.<br \/>\nLa piloto del Pasi\u00f3n Rally hizo un an\u00e1lisis de su actuaci\u00f3n en el arranque de la prueba: \u201cEn la primera especial la idea era adaptarnos, ver c\u00f3mo se comportaba el veh\u00edculo y no cometer errores porque no ten\u00eda sentido arriesgar ah\u00ed. Y comprobamos que funcionaba muy bien y que iba mejor que el a\u00f1o pasado. El segundo d\u00eda lo arrancamos muy bien, superando varios autos hasta que llegamos a la zona de fesh-fesh. Con el polvo no se ve\u00eda nada, ten\u00edamos que ver bien por d\u00f3nde pasar ya que hab\u00eda muchos autos parados, y se nos fue tapando el radiador. Y ah\u00ed comenzamos a tener problemas con la temperatura, as\u00ed que no nos qued\u00f3 otra que parar y seguir constantemente, hasta que finalmente salimos del tramo a las seis de la ma\u00f1ana. Mientras que en el tercer d\u00eda arrancamos muy bien pero notamos una falla en el turbo, que finalmente se rompi\u00f3 y eso fue la consecuencia de la posterior rotura del impulsor. Fue dur\u00edsima esa etapa por lo larga. En la previa dije que si la pas\u00e1bamos, \u00edbamos a ir para adelante. Conseguimos superarla, pero eso trajo consecuencias. En ese momento me di cuenta que ya no pod\u00edamos seguir\u201d.<br \/>\nPese al sinsabor vivido, Reina sabe que dej\u00f3 todo e hizo el m\u00e1ximo esfuerzo posible para cumplir con el objetivo: \u201cLo que me deja tranquila es el trabajo de toda la gente que nos acompa\u00f1a. \u00c9se es tal vez el dolor m\u00e1s grande que siento, el no haber podido hacer que ellos disfrutasen mucho m\u00e1s de un Dakar ya que para la mayor\u00eda era la primera vez. Ahora hay que mirar para adelante. Hoy ya estoy viendo todo de otra manera, porque tenemos la tranquilidad de haber hecho todo en todo sentido: equipo, navegante, piloto, a la camioneta se le hizo todo lo que estaba a nuestro alcance\u2026 Me gustar\u00eda tener una revancha; ya se ver\u00e1. Vivir un Dakar es apasionante\u201d, sostuvo.Con su participaci\u00f3n en las ediciones 2014 y 2015 del Dakar, Alicia Reina se termin\u00f3 por convertir en una abanderada de la igualdad de g\u00e9nero en este deporte, siendo una modelo a seguir para todas las mujeres emprendedoras de la Argentina. Al mismo tiempo se alz\u00f3 como una referente de los peque\u00f1os y medianos empresarios argentinos,ingresando por la puerta grande a un millonario ambiente deportivo dominado por los hombres.<\/p>\n","protected":false},"excerpt":{"rendered":"<p>\u00a0 \u201cEl Dakar es as\u00ed. Un d\u00eda eres el h\u00e9roe y el siguiente el villano\u201d, admiti\u00f3 hace unos a\u00f1os el espa\u00f1ol Carlos Sainz, todo un experimentado en la materia (venci\u00f3 en la edici\u00f3n 2010). Y efectivamente la prueba m\u00e1s dura del planeta puede darte grandes alegr\u00edas y tambi\u00e9n muchas decepciones. En esta edici\u00f3n 2015 (Argentina-Chile-Bolivia), [&hellip;]<\/p>\n","protected":false},"author":2,"featured_media":27547,"comment_status":"open","ping_status":"open","sticky":false,"template":"","format":"standard","meta":{"_et_pb_use_builder":"","_et_pb_old_content":"","_et_gb_content_width":"","footnotes":""},"categories":[14,46],"tags":[],"class_list":["post-28336","post","type-post","status-publish","format-standard","has-post-thumbnail","hentry","category-deportes","category-polideportiva"],"_links":{"self":[{"href":"https:\/\/vocesdebaires.com.ar\/index.php\/wp-json\/wp\/v2\/posts\/28336"}],"collection":[{"href":"https:\/\/vocesdebaires.com.ar\/index.php\/wp-json\/wp\/v2\/posts"}],"about":[{"href":"https:\/\/vocesdebaires.com.ar\/index.php\/wp-json\/wp\/v2\/types\/post"}],"author":[{"embeddable":true,"href":"https:\/\/vocesdebaires.com.ar\/index.php\/wp-json\/wp\/v2\/users\/2"}],"replies":[{"embeddable":true,"href":"https:\/\/vocesdebaires.com.ar\/index.php\/wp-json\/wp\/v2\/comments?post=28336"}],"version-history":[{"count":0,"href":"https:\/\/vocesdebaires.com.ar\/index.php\/wp-json\/wp\/v2\/posts\/28336\/revisions"}],"wp:featuredmedia":[{"embeddable":true,"href":"https:\/\/vocesdebaires.com.ar\/index.php\/wp-json\/wp\/v2\/media\/27547"}],"wp:attachment":[{"href":"https:\/\/vocesdebaires.com.ar\/index.php\/wp-json\/wp\/v2\/media?parent=28336"}],"wp:term":[{"taxonomy":"category","embeddable":true,"href":"https:\/\/vocesdebaires.com.ar\/index.php\/wp-json\/wp\/v2\/categories?post=28336"},{"taxonomy":"post_tag","embeddable":true,"href":"https:\/\/vocesdebaires.com.ar\/index.php\/wp-json\/wp\/v2\/tags?post=28336"}],"curies":[{"name":"wp","href":"https:\/\/api.w.org\/{rel}","templated":true}]}}