{"id":2844,"date":"2020-09-03T15:56:13","date_gmt":"2020-09-03T18:56:13","guid":{"rendered":"http:\/\/vocesdebaires.com.ar\/wordpress\/index.php\/2020\/09\/03\/ciudad-habilitara-15-areas-peatonales-transitorias\/"},"modified":"2020-09-03T15:56:13","modified_gmt":"2020-09-03T18:56:13","slug":"ciudad-habilitara-15-areas-peatonales-transitorias","status":"publish","type":"post","link":"https:\/\/vocesdebaires.com.ar\/index.php\/2020\/09\/03\/ciudad-habilitara-15-areas-peatonales-transitorias\/","title":{"rendered":"Ciudad habilitar\u00e1 15 \u00e1reas peatonales transitorias"},"content":{"rendered":"<p>El vicejefe de Gobierno porte\u00f1o, Diego Santilli; el jefe de Gabinete, Felipe Miguel, y la ministra de Espacio P\u00fablico e Higiene Urbana, Clara Muzzio, presentaron el plan de ampliaci\u00f3n del uso del espacio p\u00fablico con demarcaciones que facilitan mantener el distanciamiento social con 15 \u00e1reas peatonales transitorias (una por cada comuna) los viernes, s\u00e1bados, domingos y feriados.\u201cEstamos trabajando en la salud integral de las personas. As\u00ed como tenemos que evitar contagios y salvar vidas, tenemos que pensar en el trabajo de las personas, pensar en las pymes que han sufrido mucho en este tiempo. Es por ello que, paso a paso, con mucha gradualidad y responsabilidad, vamos recuperando libertades que la pandemia nos fue quitando en el mundo\u201d, sostuvo Santilli.<\/p>\n<p>En ese sentido, les pidi\u00f3 a los vecinos \u201cque seamos muy responsables y que sigamos haci\u00e9ndolo de la misma manera que lo venimos haciendo hace m\u00e1s de 165 d\u00edas, cuid\u00e1ndonos entre todos, manteniendo la distancia\u201d.\u201cEs el momento tambi\u00e9n de cuidar el trabajo de cada uno de los argentinos\u201d, asegur\u00f3. En tanto, Miguel explic\u00f3 que esta iniciativa sirve \u201cpara que fundamentalmente los bares y restaurantes puedan ampliar la zona en la que ponen mesas y sillas, y puedan ampliar su actividad, no solo en las veredas, sino tambi\u00e9n en las calles y otros lugares del espacio p\u00fablico\u201d.<\/p>\n<p>\u201cTodos sabemos que estar al aire libre reduce significativamente los riesgos de contagio y por eso es que estamos implementando estas \u00e1reas peatonales, que adem\u00e1s van a ampliar las zonas para que las familias, en sus salidas recreativas, puedan tener m\u00e1s espacio y se reduzca la concentraci\u00f3n de personas\u201d, agreg\u00f3. El Jefe de Gabinete tambi\u00e9n la agradeci\u00f3 \u201ca todos los porte\u00f1os por la responsabilidad que vienen demostrando a lo largo de estos meses en el cumplimiento de todas las medidas de prevenci\u00f3n\u201d, al tiempo que record\u00f3 que \u201cesta flexibilizaci\u00f3n no significa una relajaci\u00f3n en el cumplimiento de estas medidas, que son claves para que podamos seguir este camino gradual pero sostenido de vuelta a la normalidad\u201d.<\/p>\n<p>Por su parte, Muzzio precis\u00f3 que \u201ceste fin de semana vamos a estar realizando tres zonas: en Devoto, Caballito y en San Telmo. Y vamos a ir evaluando c\u00f3mo van funcionando para poder seguir avanzando progresivamente los pr\u00f3ximos fines de semana\u201d. La ministra afirm\u00f3 que \u201cesto da respuesta a una necesidad que tenemos todos los vecinos de salir al aire libre, y es muy importante que estas actividades se realicen en espacios abiertos porque sabemos que el virus se contagia menos en estos espacios\u201d.Cada zona estar\u00e1 cortada al tr\u00e1nsito vehicular y ser\u00e1 demarcada especialmente para que las personas puedan caminar al aire libre, con el objetivo de acompa\u00f1ar el regreso progresivo de los vecinos y vecinas hacia una Ciudad m\u00e1s segura y cuidada.<\/p>\n<p>De esta manera tambi\u00e9n se evita la sobrecarga del transporte p\u00fablico de autom\u00f3viles particulares y se consolida un cambio urbano y cultural que estaba en proceso.Se intervendr\u00e1 el espacio p\u00fablico en diferentes \u00e1reas de usos m\u00faltiples para ampliar la superficie y que las personas puedan circular y\/o disfrutar respetando el distanciamiento f\u00edsico. Habr\u00e1 15 nuevas \u00e1reas peatonales transitorias (una por cada comuna), que en total representan 85 cuadras (130.602 metros cuadrados intervenidos). Se calcula que con esta iniciativa se ver\u00e1n beneficiados 758.896 vecinos, 1.735 locales (731 gastron\u00f3micos, 698 indumentarias y 302 locales de servicios).<\/p>\n<p>Los d\u00edas y horarios de funcionamiento ser\u00e1n viernes, s\u00e1bados, domingos y feriados, de 10 a 00, con las siguientes excepciones. San Telmo: Calle Bol\u00edvar entre Estados Unidos y Carlos Calvo, Estados Unidos entre Bol\u00edvar y Defensa y Carlos Calvo entre Bol\u00edvar y Defensa funcionar\u00e1 de lunes a jueves de 8 a 20 y viernes, s\u00e1bados, domingos y feriados de 8 a 00. Belgrano: Av. Juramento entre Av. Cabildo y Ciudad de la Paz funcionar\u00e1 de lunes a jueves de 8 a 20 y viernes, s\u00e1bados, domingos y feriados de 8 a 00. En todas las calles el corte de tr\u00e1nsito ser\u00e1 total en el horario de funcionamiento establecido.<\/p>\n","protected":false},"excerpt":{"rendered":"<p>El vicejefe de Gobierno porte\u00f1o, Diego Santilli; el jefe de Gabinete, Felipe Miguel, y la ministra de Espacio P\u00fablico e Higiene Urbana, Clara Muzzio, presentaron el plan de ampliaci\u00f3n del uso del espacio p\u00fablico con demarcaciones que facilitan mantener el distanciamiento social con 15 \u00e1reas peatonales transitorias (una por cada comuna) los viernes, s\u00e1bados, domingos [&hellip;]<\/p>\n","protected":false},"author":1,"featured_media":2845,"comment_status":"open","ping_status":"open","sticky":false,"template":"","format":"standard","meta":{"_et_pb_use_builder":"","_et_pb_old_content":"","_et_gb_content_width":"","footnotes":""},"categories":[11,32],"tags":[],"class_list":["post-2844","post","type-post","status-publish","format-standard","has-post-thumbnail","hentry","category-ciudad","category-comunas"],"_links":{"self":[{"href":"https:\/\/vocesdebaires.com.ar\/index.php\/wp-json\/wp\/v2\/posts\/2844"}],"collection":[{"href":"https:\/\/vocesdebaires.com.ar\/index.php\/wp-json\/wp\/v2\/posts"}],"about":[{"href":"https:\/\/vocesdebaires.com.ar\/index.php\/wp-json\/wp\/v2\/types\/post"}],"author":[{"embeddable":true,"href":"https:\/\/vocesdebaires.com.ar\/index.php\/wp-json\/wp\/v2\/users\/1"}],"replies":[{"embeddable":true,"href":"https:\/\/vocesdebaires.com.ar\/index.php\/wp-json\/wp\/v2\/comments?post=2844"}],"version-history":[{"count":0,"href":"https:\/\/vocesdebaires.com.ar\/index.php\/wp-json\/wp\/v2\/posts\/2844\/revisions"}],"wp:featuredmedia":[{"embeddable":true,"href":"https:\/\/vocesdebaires.com.ar\/index.php\/wp-json\/wp\/v2\/media\/2845"}],"wp:attachment":[{"href":"https:\/\/vocesdebaires.com.ar\/index.php\/wp-json\/wp\/v2\/media?parent=2844"}],"wp:term":[{"taxonomy":"category","embeddable":true,"href":"https:\/\/vocesdebaires.com.ar\/index.php\/wp-json\/wp\/v2\/categories?post=2844"},{"taxonomy":"post_tag","embeddable":true,"href":"https:\/\/vocesdebaires.com.ar\/index.php\/wp-json\/wp\/v2\/tags?post=2844"}],"curies":[{"name":"wp","href":"https:\/\/api.w.org\/{rel}","templated":true}]}}