{"id":2848,"date":"2020-09-03T15:29:52","date_gmt":"2020-09-03T18:29:52","guid":{"rendered":"http:\/\/vocesdebaires.com.ar\/wordpress\/index.php\/2020\/09\/03\/capital-acumula-ocho-dias-de-aumento-de-contagios\/"},"modified":"2020-09-03T15:29:52","modified_gmt":"2020-09-03T18:29:52","slug":"capital-acumula-ocho-dias-de-aumento-de-contagios","status":"publish","type":"post","link":"https:\/\/vocesdebaires.com.ar\/index.php\/2020\/09\/03\/capital-acumula-ocho-dias-de-aumento-de-contagios\/","title":{"rendered":"Capital acumula ocho d\u00edas de aumento de contagios"},"content":{"rendered":"<p>El gobierno porte\u00f1o espera desde mediados de julio un d\u00eda que hasta ahora se hace desear. De acuerdo a lo que sucedi\u00f3 en otros pa\u00edses y en base a la evidencia de una serie que ya cumpli\u00f3 7 semanas, los especialistas cre\u00edan que los casos de coronavirus iban a comenzar a descender a fines de agosto. Sin embargo, no s\u00f3lo no ocurri\u00f3, sino que en la \u00faltima semana se registr\u00f3 un nuevo aumento de los contagios.<\/p>\n<p>El ministro de Salud de la Ciudad de Buenos Aires, Fern\u00e1n Quir\u00f3s, explic\u00f3 este mi\u00e9rcoles en conferencia de prensa que el distrito est\u00e1 mostrando una curva de casos positivos de coronavirus muy distinta a la de otras grandes capitales donde hubo un pronunciado aceleramiento, un pico de casos y un descenso. \u201cNosotros alcanzamos el 15 de julio un nivel de media m\u00f3vil (promedio de los \u00faltimos siete d\u00edas) que pas\u00f3 los mil casos por d\u00eda. Desde ese entonces, hemos tenido subidas y bajadas en una anch\u00edsima meseta alta que se mueve entre 1000 y 1300 casos por d\u00eda\u201d, desarroll\u00f3.<\/p>\n<p>La primera semana de agosto se registr\u00f3 la mayor cantidad de casos. Luego se acumularon 12 d\u00edas de bajas y ahora nuevamente se registr\u00f3 una trayectoria de 8 d\u00edas de suba, siempre dentro de los m\u00e1rgenes de la meseta alta de positivos descripta por las autoridades sanitarias. El amesentamiento de la curva y un \u00edndice de contagiosidad (R) que se mueve en torno a 1, el punto de inflexi\u00f3n que para muchos pa\u00edses signific\u00f3 el final de la cuarentena, hab\u00eda ilusionado al gabinete de Horacio Rodr\u00edguez Larreta con un importante descenso de casos positivos, cantidad de muertes y ocupaci\u00f3n de camas de los hospitales, proceso que por ahora no se concret\u00f3. Pese a ello, el gobierno porte\u00f1o contin\u00faa con su programa de flexibilizaci\u00f3n de actividades que hab\u00edan sido restringidas durante la cuarentena. Si bien el descenso de casos no se precipit\u00f3 tan r\u00e1pido como se esperaba, el Ministerio de Salud cree que la curva contin\u00faa controlable, en m\u00e1rgenes estables.<\/p>\n","protected":false},"excerpt":{"rendered":"<p>El gobierno porte\u00f1o espera desde mediados de julio un d\u00eda que hasta ahora se hace desear. De acuerdo a lo que sucedi\u00f3 en otros pa\u00edses y en base a la evidencia de una serie que ya cumpli\u00f3 7 semanas, los especialistas cre\u00edan que los casos de coronavirus iban a comenzar a descender a fines de [&hellip;]<\/p>\n","protected":false},"author":1,"featured_media":2849,"comment_status":"open","ping_status":"open","sticky":false,"template":"","format":"standard","meta":{"_et_pb_use_builder":"","_et_pb_old_content":"","_et_gb_content_width":"","footnotes":""},"categories":[11,32],"tags":[],"class_list":["post-2848","post","type-post","status-publish","format-standard","has-post-thumbnail","hentry","category-ciudad","category-comunas"],"_links":{"self":[{"href":"https:\/\/vocesdebaires.com.ar\/index.php\/wp-json\/wp\/v2\/posts\/2848"}],"collection":[{"href":"https:\/\/vocesdebaires.com.ar\/index.php\/wp-json\/wp\/v2\/posts"}],"about":[{"href":"https:\/\/vocesdebaires.com.ar\/index.php\/wp-json\/wp\/v2\/types\/post"}],"author":[{"embeddable":true,"href":"https:\/\/vocesdebaires.com.ar\/index.php\/wp-json\/wp\/v2\/users\/1"}],"replies":[{"embeddable":true,"href":"https:\/\/vocesdebaires.com.ar\/index.php\/wp-json\/wp\/v2\/comments?post=2848"}],"version-history":[{"count":0,"href":"https:\/\/vocesdebaires.com.ar\/index.php\/wp-json\/wp\/v2\/posts\/2848\/revisions"}],"wp:featuredmedia":[{"embeddable":true,"href":"https:\/\/vocesdebaires.com.ar\/index.php\/wp-json\/wp\/v2\/media\/2849"}],"wp:attachment":[{"href":"https:\/\/vocesdebaires.com.ar\/index.php\/wp-json\/wp\/v2\/media?parent=2848"}],"wp:term":[{"taxonomy":"category","embeddable":true,"href":"https:\/\/vocesdebaires.com.ar\/index.php\/wp-json\/wp\/v2\/categories?post=2848"},{"taxonomy":"post_tag","embeddable":true,"href":"https:\/\/vocesdebaires.com.ar\/index.php\/wp-json\/wp\/v2\/tags?post=2848"}],"curies":[{"name":"wp","href":"https:\/\/api.w.org\/{rel}","templated":true}]}}