{"id":2850,"date":"2020-09-03T15:24:31","date_gmt":"2020-09-03T18:24:31","guid":{"rendered":"http:\/\/vocesdebaires.com.ar\/wordpress\/index.php\/2020\/09\/03\/gastronomicos-iniciaron-el-tramite-de-mesas-afuera\/"},"modified":"2020-09-03T15:24:31","modified_gmt":"2020-09-03T18:24:31","slug":"gastronomicos-iniciaron-el-tramite-de-mesas-afuera","status":"publish","type":"post","link":"https:\/\/vocesdebaires.com.ar\/index.php\/2020\/09\/03\/gastronomicos-iniciaron-el-tramite-de-mesas-afuera\/","title":{"rendered":"Gastron\u00f3micos iniciaron el tr\u00e1mite de mesas afuera"},"content":{"rendered":"<p>El jefe de Gobierno porte\u00f1o, Horacio Rodr\u00edguez Larreta, visit\u00f3 este martes un local gastron\u00f3mico en el barrio de Boedo que ya funciona con servicio de mozos y mesas al aire libre. M\u00e1s de 230 locales gastron\u00f3micos iniciaron en las \u00faltimas horas el tr\u00e1mite para habilitar mesas y sillas en veredas, patios y terrazas, en el marco del plan gradual de aperturas presentado hace 45 d\u00edas por el Gobierno de la Ciudad, seg\u00fan datos de la Secretar\u00eda de Atenci\u00f3n Ciudadana y Gesti\u00f3n Comunal porte\u00f1a. Esos comercios se suman a los 1.800 que ya estaban autorizados a funcionar bajo esta modalidad antes de la pandemia y que ayer pidieron la validaci\u00f3n de los permisos.<\/p>\n","protected":false},"excerpt":{"rendered":"<p>El jefe de Gobierno porte\u00f1o, Horacio Rodr\u00edguez Larreta, visit\u00f3 este martes un local gastron\u00f3mico en el barrio de Boedo que ya funciona con servicio de mozos y mesas al aire libre. M\u00e1s de 230 locales gastron\u00f3micos iniciaron en las \u00faltimas horas el tr\u00e1mite para habilitar mesas y sillas en veredas, patios y terrazas, en el [&hellip;]<\/p>\n","protected":false},"author":1,"featured_media":2851,"comment_status":"open","ping_status":"open","sticky":false,"template":"","format":"standard","meta":{"_et_pb_use_builder":"","_et_pb_old_content":"","_et_gb_content_width":"","footnotes":""},"categories":[11,33],"tags":[],"class_list":["post-2850","post","type-post","status-publish","format-standard","has-post-thumbnail","hentry","category-ciudad","category-sociedad-y-cultura-2"],"_links":{"self":[{"href":"https:\/\/vocesdebaires.com.ar\/index.php\/wp-json\/wp\/v2\/posts\/2850"}],"collection":[{"href":"https:\/\/vocesdebaires.com.ar\/index.php\/wp-json\/wp\/v2\/posts"}],"about":[{"href":"https:\/\/vocesdebaires.com.ar\/index.php\/wp-json\/wp\/v2\/types\/post"}],"author":[{"embeddable":true,"href":"https:\/\/vocesdebaires.com.ar\/index.php\/wp-json\/wp\/v2\/users\/1"}],"replies":[{"embeddable":true,"href":"https:\/\/vocesdebaires.com.ar\/index.php\/wp-json\/wp\/v2\/comments?post=2850"}],"version-history":[{"count":0,"href":"https:\/\/vocesdebaires.com.ar\/index.php\/wp-json\/wp\/v2\/posts\/2850\/revisions"}],"wp:featuredmedia":[{"embeddable":true,"href":"https:\/\/vocesdebaires.com.ar\/index.php\/wp-json\/wp\/v2\/media\/2851"}],"wp:attachment":[{"href":"https:\/\/vocesdebaires.com.ar\/index.php\/wp-json\/wp\/v2\/media?parent=2850"}],"wp:term":[{"taxonomy":"category","embeddable":true,"href":"https:\/\/vocesdebaires.com.ar\/index.php\/wp-json\/wp\/v2\/categories?post=2850"},{"taxonomy":"post_tag","embeddable":true,"href":"https:\/\/vocesdebaires.com.ar\/index.php\/wp-json\/wp\/v2\/tags?post=2850"}],"curies":[{"name":"wp","href":"https:\/\/api.w.org\/{rel}","templated":true}]}}