{"id":2856,"date":"2020-09-02T03:00:00","date_gmt":"2020-09-02T06:00:00","guid":{"rendered":"http:\/\/vocesdebaires.com.ar\/wordpress\/index.php\/2020\/09\/02\/detectar-dispositivo-movil-vuelve-a-palermo\/"},"modified":"2020-09-02T03:00:00","modified_gmt":"2020-09-02T06:00:00","slug":"detectar-dispositivo-movil-vuelve-a-palermo","status":"publish","type":"post","link":"https:\/\/vocesdebaires.com.ar\/index.php\/2020\/09\/02\/detectar-dispositivo-movil-vuelve-a-palermo\/","title":{"rendered":"Detectar: Dispositivo m\u00f3vil vuelve a Palermo"},"content":{"rendered":"<p>El Operativo DetectAr intensifica su tarea de encontrar casos de coronavirus en toda la Ciudad. Por eso, desde este lunes vuelve a Palermo, uno de los tres barrios donde se registraron m\u00e1s contagios. La iniciativa que el Gobierno porte\u00f1o lleva adelante en conjunto con el Gobierno Nacional, ya realiza testeos en 38 barrios: Parque Patricios, Balvanera, Flores, La Boca, Constituci\u00f3n, Barracas, Almagro, Palermo, Soldati, Nueva Pompeya, Lugano, Villa Riachuelo, La Paternal, Chacarita, Parque Chacabuco, Boedo, San Crist\u00f3bal, Mataderos, San Telmo, Recoleta, Caballito, Parque Avellaneda, Villa Ort\u00fazar, Parque Chas, Belgrano, Coghlan, Villa Urquiza, Colegiales, Villa Crespo, N\u00fa\u00f1ez, Saavedra y siete barrios vulnerables. Hasta el momento, en esos lugares se teste\u00f3 a 62.587 personas y se confirmaron 22.287 casos positivos de coronavirus.<\/p>\n<p>El objetivo es identificar de manera temprana a los \u2018contactos estrechos\u2019 de las personas recientemente confirmadas con COVID-19, evaluarlos y lograr mitigar la contagiosidad del virus. Aquellos que presentan s\u00edntomas compatibles con la enfermedad permanecer\u00e1n aislados de manera preventiva a la espera del resultado. En caso de ser positivos, son trasladados seg\u00fan su necesidad de atenci\u00f3n, de lo contrario, pueden regresar a su hogar. Como ya se sabe, los pr\u00f3ximos puntos son seleccionados de acuerdo a la evoluci\u00f3n de los contagios a lo largo del territorio porte\u00f1o. En todos los casos, los dispositivos contin\u00faan funcionando con un equipo en territorio. La extensi\u00f3n de la pol\u00edtica p\u00fablica se decidi\u00f3 en base a los buenos resultados que se obtuvieron en aquellos lugares donde hoy ya funciona. Esta estrategia es la que m\u00e1s ha resultado en el mundo junto con el distanciamiento f\u00edsico en pos de la contenci\u00f3n de la transmisi\u00f3n del virus.<\/p>\n","protected":false},"excerpt":{"rendered":"<p>El Operativo DetectAr intensifica su tarea de encontrar casos de coronavirus en toda la Ciudad. Por eso, desde este lunes vuelve a Palermo, uno de los tres barrios donde se registraron m\u00e1s contagios. La iniciativa que el Gobierno porte\u00f1o lleva adelante en conjunto con el Gobierno Nacional, ya realiza testeos en 38 barrios: Parque Patricios, [&hellip;]<\/p>\n","protected":false},"author":1,"featured_media":2857,"comment_status":"open","ping_status":"open","sticky":false,"template":"","format":"standard","meta":{"_et_pb_use_builder":"","_et_pb_old_content":"","_et_gb_content_width":"","footnotes":""},"categories":[11,32],"tags":[],"class_list":["post-2856","post","type-post","status-publish","format-standard","has-post-thumbnail","hentry","category-ciudad","category-comunas"],"_links":{"self":[{"href":"https:\/\/vocesdebaires.com.ar\/index.php\/wp-json\/wp\/v2\/posts\/2856"}],"collection":[{"href":"https:\/\/vocesdebaires.com.ar\/index.php\/wp-json\/wp\/v2\/posts"}],"about":[{"href":"https:\/\/vocesdebaires.com.ar\/index.php\/wp-json\/wp\/v2\/types\/post"}],"author":[{"embeddable":true,"href":"https:\/\/vocesdebaires.com.ar\/index.php\/wp-json\/wp\/v2\/users\/1"}],"replies":[{"embeddable":true,"href":"https:\/\/vocesdebaires.com.ar\/index.php\/wp-json\/wp\/v2\/comments?post=2856"}],"version-history":[{"count":0,"href":"https:\/\/vocesdebaires.com.ar\/index.php\/wp-json\/wp\/v2\/posts\/2856\/revisions"}],"wp:featuredmedia":[{"embeddable":true,"href":"https:\/\/vocesdebaires.com.ar\/index.php\/wp-json\/wp\/v2\/media\/2857"}],"wp:attachment":[{"href":"https:\/\/vocesdebaires.com.ar\/index.php\/wp-json\/wp\/v2\/media?parent=2856"}],"wp:term":[{"taxonomy":"category","embeddable":true,"href":"https:\/\/vocesdebaires.com.ar\/index.php\/wp-json\/wp\/v2\/categories?post=2856"},{"taxonomy":"post_tag","embeddable":true,"href":"https:\/\/vocesdebaires.com.ar\/index.php\/wp-json\/wp\/v2\/tags?post=2856"}],"curies":[{"name":"wp","href":"https:\/\/api.w.org\/{rel}","templated":true}]}}