{"id":2876,"date":"2020-09-01T03:00:00","date_gmt":"2020-09-01T06:00:00","guid":{"rendered":"http:\/\/vocesdebaires.com.ar\/wordpress\/index.php\/2020\/09\/01\/ciudad-detuvieron-ladrones-que-asaltaron-a-jubilado\/"},"modified":"2020-09-01T03:00:00","modified_gmt":"2020-09-01T06:00:00","slug":"ciudad-detuvieron-ladrones-que-asaltaron-a-jubilado","status":"publish","type":"post","link":"https:\/\/vocesdebaires.com.ar\/index.php\/2020\/09\/01\/ciudad-detuvieron-ladrones-que-asaltaron-a-jubilado\/","title":{"rendered":"Ciudad detuvieron ladrones que asaltaron a jubilado"},"content":{"rendered":"<p>Los delincuentes, de 31 y 27 a\u00f1os, hab\u00edan reducido a la v\u00edctima, que se encuentra en situaci\u00f3n de calle, y le sustrajeron una bolsa con 10.500 pesos.El hecho se registr\u00f3 en horas de la madrugada cuando personal de Brigada de la Comisar\u00eda Comunal 1\u00a0 de la Polic\u00eda de la Ciudad recorr\u00edan la zona y vieron que dos hombres ten\u00edan reducido a un anciano , boca abajo en el piso en Per\u00fa al 300.R\u00e1pidamente los polic\u00edas lograron detener a los ladrones cuando intentaban huir a bordo de una camioneta Fiat Fiorino,\u00a0 ploteada como una empresa de servicios.<\/p>\n<p>Los polic\u00edas les secuestraron una bolsa con el dinero, que la v\u00edctima reconoci\u00f3 como propia. Al no adoptar la Fiscal\u00eda Nacional en lo Criminal y Correccional 11, del Dr. Benito, tr\u00e1mite de flagrancia, el Juzgado 35 del mismo fuero, a cargo del Dr. Osvaldo Daniel Rappa, secretar\u00eda 120, del Dr. Mart\u00ednez Farre, dispuso la detenci\u00f3n de los ladrones y su alojamiento en la alcaid\u00eda de la Comisar\u00eda Vecinal 1C, el secuestro de la camioneta y el dinero, y su devoluci\u00f3n al damnificado.<\/p>\n","protected":false},"excerpt":{"rendered":"<p>Los delincuentes, de 31 y 27 a\u00f1os, hab\u00edan reducido a la v\u00edctima, que se encuentra en situaci\u00f3n de calle, y le sustrajeron una bolsa con 10.500 pesos.El hecho se registr\u00f3 en horas de la madrugada cuando personal de Brigada de la Comisar\u00eda Comunal 1\u00a0 de la Polic\u00eda de la Ciudad recorr\u00edan la zona y vieron [&hellip;]<\/p>\n","protected":false},"author":1,"featured_media":2877,"comment_status":"open","ping_status":"open","sticky":false,"template":"","format":"standard","meta":{"_et_pb_use_builder":"","_et_pb_old_content":"","_et_gb_content_width":"","footnotes":""},"categories":[11,32],"tags":[],"class_list":["post-2876","post","type-post","status-publish","format-standard","has-post-thumbnail","hentry","category-ciudad","category-comunas"],"_links":{"self":[{"href":"https:\/\/vocesdebaires.com.ar\/index.php\/wp-json\/wp\/v2\/posts\/2876"}],"collection":[{"href":"https:\/\/vocesdebaires.com.ar\/index.php\/wp-json\/wp\/v2\/posts"}],"about":[{"href":"https:\/\/vocesdebaires.com.ar\/index.php\/wp-json\/wp\/v2\/types\/post"}],"author":[{"embeddable":true,"href":"https:\/\/vocesdebaires.com.ar\/index.php\/wp-json\/wp\/v2\/users\/1"}],"replies":[{"embeddable":true,"href":"https:\/\/vocesdebaires.com.ar\/index.php\/wp-json\/wp\/v2\/comments?post=2876"}],"version-history":[{"count":0,"href":"https:\/\/vocesdebaires.com.ar\/index.php\/wp-json\/wp\/v2\/posts\/2876\/revisions"}],"wp:featuredmedia":[{"embeddable":true,"href":"https:\/\/vocesdebaires.com.ar\/index.php\/wp-json\/wp\/v2\/media\/2877"}],"wp:attachment":[{"href":"https:\/\/vocesdebaires.com.ar\/index.php\/wp-json\/wp\/v2\/media?parent=2876"}],"wp:term":[{"taxonomy":"category","embeddable":true,"href":"https:\/\/vocesdebaires.com.ar\/index.php\/wp-json\/wp\/v2\/categories?post=2876"},{"taxonomy":"post_tag","embeddable":true,"href":"https:\/\/vocesdebaires.com.ar\/index.php\/wp-json\/wp\/v2\/tags?post=2876"}],"curies":[{"name":"wp","href":"https:\/\/api.w.org\/{rel}","templated":true}]}}