{"id":2880,"date":"2020-09-25T03:00:05","date_gmt":"2020-09-25T06:00:05","guid":{"rendered":"http:\/\/vocesdebaires.com.ar\/wordpress\/index.php\/2020\/09\/25\/la-semana-contra-la-explotacion-sexual\/"},"modified":"2020-09-25T03:00:05","modified_gmt":"2020-09-25T06:00:05","slug":"la-semana-contra-la-explotacion-sexual","status":"publish","type":"post","link":"https:\/\/vocesdebaires.com.ar\/index.php\/2020\/09\/25\/la-semana-contra-la-explotacion-sexual\/","title":{"rendered":"La Semana contra la Explotaci\u00f3n Sexual"},"content":{"rendered":"<p>Desde este mi\u00e9rcoles y hasta el mi\u00e9rcoles 30 se septiembre, el Ministerio de Espacio P\u00fablico e Higiene Urbana de la Ciudad iluminar\u00e1 de color rojo monumentos porte\u00f1os en el marco del D\u00eda Internacional contra la Explotaci\u00f3n Sexual y la Trata de Personas.\u201cDesde la Ciudad nos sumamos y acompa\u00f1amos a esta causa, a trav\u00e9s de nuestros \u00edconos porte\u00f1os, para seguir concientizando en la lucha contra este flagelo\u201d, expres\u00f3 la Ministra de Espacio P\u00fablico e Higiene Urbana Clara Muzzio.<\/p>\n<p>El color rojo se ver\u00e1 reflejado en el Planetario, el Puente de la Mujer, y en el Monumento de la Plaza Congreso.La iluminaci\u00f3n, que fue solicitada por la Asociaci\u00f3n Civil Madres V\u00edctimas de Trata, comenz\u00f3\u00a0el pasado mi\u00e9rcoles\u00a0\u00a0al \u00a0atardecer, y se extender\u00e1 hasta las 23:59 hs del 30 de septiembre. Todos estos d\u00edas, las luces se encender\u00e1n con cada puesta de sol, hasta el amanecer del d\u00eda siguiente. El D\u00eda Internacional contra la Explotaci\u00f3n Sexual y la Trata de Personas se celebra el 23 de septiembre, desde 1999, y fue promulgado por la Conferencia Mundial de la Coalici\u00f3n Contra el Tr\u00e1fico de Personas en coordinaci\u00f3n con la Conferencia de Mujeres que tuvo lugar en Dhaka, Banglad\u00e9s, en enero de ese mismo a\u00f1o. En nuestro pa\u00eds, fue el 23 de septiembre del a\u00f1o 1913 cuando se promulg\u00f3 la Ley 9.143, tambi\u00e9n conocida como \u201cLey Palacios\u201d, primera norma legal en el mundo contra la prostituci\u00f3n infantil.<\/p>\n","protected":false},"excerpt":{"rendered":"<p>Desde este mi\u00e9rcoles y hasta el mi\u00e9rcoles 30 se septiembre, el Ministerio de Espacio P\u00fablico e Higiene Urbana de la Ciudad iluminar\u00e1 de color rojo monumentos porte\u00f1os en el marco del D\u00eda Internacional contra la Explotaci\u00f3n Sexual y la Trata de Personas.\u201cDesde la Ciudad nos sumamos y acompa\u00f1amos a esta causa, a trav\u00e9s de nuestros [&hellip;]<\/p>\n","protected":false},"author":1,"featured_media":2881,"comment_status":"open","ping_status":"open","sticky":false,"template":"","format":"standard","meta":{"_et_pb_use_builder":"","_et_pb_old_content":"","_et_gb_content_width":"","footnotes":""},"categories":[11,32],"tags":[],"class_list":["post-2880","post","type-post","status-publish","format-standard","has-post-thumbnail","hentry","category-ciudad","category-comunas"],"_links":{"self":[{"href":"https:\/\/vocesdebaires.com.ar\/index.php\/wp-json\/wp\/v2\/posts\/2880"}],"collection":[{"href":"https:\/\/vocesdebaires.com.ar\/index.php\/wp-json\/wp\/v2\/posts"}],"about":[{"href":"https:\/\/vocesdebaires.com.ar\/index.php\/wp-json\/wp\/v2\/types\/post"}],"author":[{"embeddable":true,"href":"https:\/\/vocesdebaires.com.ar\/index.php\/wp-json\/wp\/v2\/users\/1"}],"replies":[{"embeddable":true,"href":"https:\/\/vocesdebaires.com.ar\/index.php\/wp-json\/wp\/v2\/comments?post=2880"}],"version-history":[{"count":0,"href":"https:\/\/vocesdebaires.com.ar\/index.php\/wp-json\/wp\/v2\/posts\/2880\/revisions"}],"wp:featuredmedia":[{"embeddable":true,"href":"https:\/\/vocesdebaires.com.ar\/index.php\/wp-json\/wp\/v2\/media\/2881"}],"wp:attachment":[{"href":"https:\/\/vocesdebaires.com.ar\/index.php\/wp-json\/wp\/v2\/media?parent=2880"}],"wp:term":[{"taxonomy":"category","embeddable":true,"href":"https:\/\/vocesdebaires.com.ar\/index.php\/wp-json\/wp\/v2\/categories?post=2880"},{"taxonomy":"post_tag","embeddable":true,"href":"https:\/\/vocesdebaires.com.ar\/index.php\/wp-json\/wp\/v2\/tags?post=2880"}],"curies":[{"name":"wp","href":"https:\/\/api.w.org\/{rel}","templated":true}]}}