{"id":28924,"date":"2015-04-08T15:51:34","date_gmt":"2015-04-08T18:51:34","guid":{"rendered":"http:\/\/vocesdebaires.com.ar\/wordpress\/index.php\/2015\/04\/08\/romagnoli-fue-declarado-personalidad-destacada-del-deporte\/"},"modified":"2015-04-08T15:51:34","modified_gmt":"2015-04-08T18:51:34","slug":"romagnoli-fue-declarado-personalidad-destacada-del-deporte","status":"publish","type":"post","link":"https:\/\/vocesdebaires.com.ar\/index.php\/2015\/04\/08\/romagnoli-fue-declarado-personalidad-destacada-del-deporte\/","title":{"rendered":"Romagnoli fue declarado Personalidad Destacada del Deporte"},"content":{"rendered":"<p>\u00a0<br \/>\nLeandro \u00abPipi\u00bb Romagnoli, jugador que m\u00e1s t\u00edtulos conquist\u00f3 en los 107 a\u00f1os de historia de San Lorenzo, recibi\u00f3 esta tarde el diploma de Personalidad Destacada del Deporte en un acto que se realiz\u00f3 en el Sal\u00f3n Dorado de la Legislatura porte\u00f1a. El \u00abPipi\u00bb estuvo acompa\u00f1ado por uno de los vicepresidentes del club de Boedo, Roberto \u00c1lvarez y ex jugadores de la instituci\u00f3n como Bernardo Romeo y Alberto Acosta.<br \/>\nLa ceremonia comenz\u00f3 con la proyecci\u00f3n de un video que repas\u00f3 los mejores momentos de Romagnoli dentro de una cancha de f\u00fatbol, con goles y gambetas y finaliz\u00f3 con el capit\u00e1n de San Lorenzo alzando la Copa Libertadores de Am\u00e9rica, lo que gener\u00f3 la ovaci\u00f3n del p\u00fablico que se acerc\u00f3 a compartir el reconocimiento con uno de los \u00eddolos del club. \u00a0\u00abQuiero agradecer a todos los que hicieron posible que hoy se pueda dar todo esto. Estoy muy emocionado y lo quiero disfrutar con todos ustedes\u00bb expres\u00f3 entre l\u00e1grimas el \u00abPipi\u00bb.<br \/>\nEl acto fue encabezado por el diputado Cristian Ritondo (PRO) quien destac\u00f3: \u00abHoy estamos ac\u00e1 para reconocer a un \u00eddolo futbol\u00edstico. Vuelvo a ver muchas caras de aquella noche cuando esta Legislatura vot\u00f3 la Ley de Restituci\u00f3n Hist\u00f3rica\u00bb. \u00abTe quiero felicitar porque cuando tuviste que elegir entre la plata y la pasi\u00f3n elegiste la pasi\u00f3n y eso es un ejemplo para muchos chicos\u00bb, agreg\u00f3 el Vicepresidente I de la Legislatura.<br \/>\nLa iniciativa fue aprobada en mayo de 2014 a trav\u00e9s de un proyecto de ley presentado por la diputada Adriana Montes (MC) y Raquel Herrero (PRO). Al respecto, Herrero afirm\u00f3: \u00abQuiero destacar de su carrera la pasi\u00f3n, el amor propio, el no bajar los brazos y ser un ejemplo para los que se inician en el deporte. Porque en los buenos momentos todos te abrazan y te felicitan pero no siempre los momentos son de bonanza. Y Romagnoli tuvo que pasar por varios feos. Las duras lesiones que sufri\u00f3 lo dejaron fuera de las canchas muchas veces, mucho tiempo. Sin embargo, en esos momentos tom\u00f3 m\u00e1s impulsos y acumul\u00f3 mas fuerzas para recuperarse, volver y superarse a\u00fan m\u00e1s\u00bb.<br \/>\nTrayectoria<br \/>\nRomagnoli debut\u00f3 en la primer equipo de San Lorenzo de Almagro en el a\u00f1o 1998 y consigui\u00f3 en el a\u00f1o 2001 su primer campeonato en el f\u00fatbol argentino. Tambi\u00e9n alz\u00f3 la Copa Mercosur en el mismo a\u00f1o y la Copa Sudamericana en 2002. Luego de un paso exitoso por el f\u00fatbol de M\u00e9xico y Portugal volvi\u00f3 a vestir la camiseta azulgrana en el a\u00f1o 2009. Despu\u00e9s de pelear por mantener la categor\u00eda en 2012, llegar\u00eda la recompensa para el \u00abPipi\u00bb, jugador que en 2013 cumplir\u00eda 300 partidos disputados en el club del que declar\u00f3 \u00abser hincha\u00bb y con una nueva consagraci\u00f3n en el campeonato local. Sin embargo, uno de sus mayores logros profesionales lo alcanzar\u00eda con la obtenci\u00f3n de la Copa Libertadores de Am\u00e9rica, el torneo m\u00e1s importante de ese continente a nivel clubes, el a\u00f1o pasado.<br \/>\nTuvo tambi\u00e9n una excelente participaci\u00f3n en la Selecci\u00f3n Argentina juvenil que gan\u00f3 el mundial Sub-20 disputado en Argentina, jugando un total de 7 partidos y convirtiendo 2 goles.<\/p>\n","protected":false},"excerpt":{"rendered":"<p>\u00a0 Leandro \u00abPipi\u00bb Romagnoli, jugador que m\u00e1s t\u00edtulos conquist\u00f3 en los 107 a\u00f1os de historia de San Lorenzo, recibi\u00f3 esta tarde el diploma de Personalidad Destacada del Deporte en un acto que se realiz\u00f3 en el Sal\u00f3n Dorado de la Legislatura porte\u00f1a. El \u00abPipi\u00bb estuvo acompa\u00f1ado por uno de los vicepresidentes del club de Boedo, [&hellip;]<\/p>\n","protected":false},"author":2,"featured_media":28925,"comment_status":"open","ping_status":"open","sticky":false,"template":"","format":"standard","meta":{"_et_pb_use_builder":"","_et_pb_old_content":"","_et_gb_content_width":"","footnotes":""},"categories":[39,14],"tags":[],"class_list":["post-28924","post","type-post","status-publish","format-standard","has-post-thumbnail","hentry","category-1o-division-a","category-deportes"],"_links":{"self":[{"href":"https:\/\/vocesdebaires.com.ar\/index.php\/wp-json\/wp\/v2\/posts\/28924"}],"collection":[{"href":"https:\/\/vocesdebaires.com.ar\/index.php\/wp-json\/wp\/v2\/posts"}],"about":[{"href":"https:\/\/vocesdebaires.com.ar\/index.php\/wp-json\/wp\/v2\/types\/post"}],"author":[{"embeddable":true,"href":"https:\/\/vocesdebaires.com.ar\/index.php\/wp-json\/wp\/v2\/users\/2"}],"replies":[{"embeddable":true,"href":"https:\/\/vocesdebaires.com.ar\/index.php\/wp-json\/wp\/v2\/comments?post=28924"}],"version-history":[{"count":0,"href":"https:\/\/vocesdebaires.com.ar\/index.php\/wp-json\/wp\/v2\/posts\/28924\/revisions"}],"wp:featuredmedia":[{"embeddable":true,"href":"https:\/\/vocesdebaires.com.ar\/index.php\/wp-json\/wp\/v2\/media\/28925"}],"wp:attachment":[{"href":"https:\/\/vocesdebaires.com.ar\/index.php\/wp-json\/wp\/v2\/media?parent=28924"}],"wp:term":[{"taxonomy":"category","embeddable":true,"href":"https:\/\/vocesdebaires.com.ar\/index.php\/wp-json\/wp\/v2\/categories?post=28924"},{"taxonomy":"post_tag","embeddable":true,"href":"https:\/\/vocesdebaires.com.ar\/index.php\/wp-json\/wp\/v2\/tags?post=28924"}],"curies":[{"name":"wp","href":"https:\/\/api.w.org\/{rel}","templated":true}]}}