{"id":2898,"date":"2020-09-24T03:00:00","date_gmt":"2020-09-24T06:00:00","guid":{"rendered":"http:\/\/vocesdebaires.com.ar\/wordpress\/index.php\/2020\/09\/24\/salud-portena-brindo-detalles-sanitaria\/"},"modified":"2020-09-24T03:00:00","modified_gmt":"2020-09-24T06:00:00","slug":"salud-portena-brindo-detalles-sanitaria","status":"publish","type":"post","link":"https:\/\/vocesdebaires.com.ar\/index.php\/2020\/09\/24\/salud-portena-brindo-detalles-sanitaria\/","title":{"rendered":"Salud porte\u00f1a brind\u00f3 detalles  sanitaria"},"content":{"rendered":"<p>El ministro de Salud porte\u00f1o, Fern\u00e1n Quir\u00f3s; el subsecretario de Atenci\u00f3n Primaria, Gabriel Battistella, y la directora general de Planificaci\u00f3n Operativa, Paula Zingoni, brindaron detalles de la situaci\u00f3n sanitaria de la Ciudad en relaci\u00f3n a la curva de contagios y su evoluci\u00f3n, en el marco del aislamiento social, preventivo y obligatorio por el coronavirus. Quir\u00f3s inform\u00f3 que \u201chasta hoy hemos confirmado 119.314 pacientes, hemos logrado recuperar 95.119 personas, han fallecido 3.133, lo que hace una tasa de letalidad del 2,6%\u201d.<\/p>\n<p>\u201cAlcanzamos los 509.727 hisopados, el 60,6% de ellos se lo hicimos a ciudadanos porte\u00f1os, con una tasa de positividad del 40,1%, con una tasa de testeos cada 100.000 habitantes de 10.044\u201d, coment\u00f3. \u201cSi alguien en la Ciudad de Buenos Aires ha estado con alguien a quien se le confirm\u00f3 la enfermedad en los \u00faltimos 7 a 10 d\u00edas, en buenosaires.gob.ar\/unidadesfebriles o buenosaires.gob.ar\/detectar tienen todas las UFUS y los dispositivos DetectAR del territorio. Se pueden acercar a cualquiera y no importa que no tengan ning\u00fan s\u00edntoma, los vamos a hisopar y en el d\u00eda tenemos el resultado\u201d, record\u00f3.<\/p>\n<p>En relaci\u00f3n al Plan DetectAR, Battistella dijo que \u201chasta el momento hemos testeado 81.173 personas, dando positivas 26.317\u201d.Estos son los barrios vulnerables en los que est\u00e1 presente el Operativo DetectAR: Barrio 31, Barrio 1-11-14, Barrio 21-24, Barrio 15, Barrio 20, Barrio Carrillo y Barrio Rodrigo Bueno. Y estos son los barrios en los que est\u00e1 presente el DetectAR M\u00f3vil: Balvanera, Flores, La Boca, Constituci\u00f3n, Barracas, Almagro, Palermo, Nueva Pompeya, Soldati, La Paternal, Chacarita, Parque Chacabuco, Boedo, San Crist\u00f3bal, Mataderos, Recoleta, San Telmo, Caballito, Villa Lugano, Villa Riachuelo, Parque Avellaneda, Villa Ort\u00fazar, Parque Chas, Belgrano, Colegiales, Coghlan, Villa Urquiza, Villa Crespo, N\u00fa\u00f1ez, Saavedra y Parque Patricios.<\/p>\n<p>\u201cEn relaci\u00f3n a los barrios vulnerables, se han diagnosticado 16.237 casos en total, se han dado 10.812 altas institucionales, han fallecido 212 personas, lo que arroja una tasa de letalidad de 1,3%\u201d, agreg\u00f3. En tanto, Zingoni dijo que en los geri\u00e1tricos \u201cllevamos realizados 17.404 test de PCR, de los cuales hemos podido confirmar 4.685 casos, tenemos recuperadas a 3.419 personas, y han fallecido 618\u201d. En cuanto a los testeos totales a personal de salud, geri\u00e1tricos, fuerzas de seguridad, desarrollo humano y transporte, la funcionaria se\u00f1al\u00f3 que \u201ctenemos realizados 537.679 test, con 21.550 positivos, 6.240 PCR positivas, en relaci\u00f3n a la tasa cada 100.000 habitantes es de 17.922\u201d.<\/p>\n<p>Desde este mi\u00e9rcoles y hasta el 6 de octubre, el Gobierno porte\u00f1o lleva adelante una campa\u00f1a de vacunaci\u00f3n obligatoria y gratuita para ni\u00f1os y ni\u00f1as de 5, 6 y 11 a\u00f1os. Al respecto, Zingoni inform\u00f3 que \u201chemos dispuesto que va a estar ordenado por el \u00faltimo d\u00edgito del documento. Es decir, hoy se van a vacunar todos aquellos cuyo DNI terminen en 0, ma\u00f1ana en 1, y as\u00ed sucesivamente\u00bb. \u00abHemos dispuesto 11 postas de vacunaci\u00f3n que funcionan de 11 a 14 horas y 58 centros de salud y hospitales que van a estar funcionando para esta tarea de 8 a 12 horas. Tambi\u00e9n es muy importante destacar que no es necesario concurrir con una orden m\u00e9dica, con acercarse con el DNI y el carnet de vacunas van a poder recibir la misma\u201d, complet\u00f3.<\/p>\n","protected":false},"excerpt":{"rendered":"<p>El ministro de Salud porte\u00f1o, Fern\u00e1n Quir\u00f3s; el subsecretario de Atenci\u00f3n Primaria, Gabriel Battistella, y la directora general de Planificaci\u00f3n Operativa, Paula Zingoni, brindaron detalles de la situaci\u00f3n sanitaria de la Ciudad en relaci\u00f3n a la curva de contagios y su evoluci\u00f3n, en el marco del aislamiento social, preventivo y obligatorio por el coronavirus. Quir\u00f3s [&hellip;]<\/p>\n","protected":false},"author":1,"featured_media":2899,"comment_status":"open","ping_status":"open","sticky":false,"template":"","format":"standard","meta":{"_et_pb_use_builder":"","_et_pb_old_content":"","_et_gb_content_width":"","footnotes":""},"categories":[11,33],"tags":[],"class_list":["post-2898","post","type-post","status-publish","format-standard","has-post-thumbnail","hentry","category-ciudad","category-sociedad-y-cultura-2"],"_links":{"self":[{"href":"https:\/\/vocesdebaires.com.ar\/index.php\/wp-json\/wp\/v2\/posts\/2898"}],"collection":[{"href":"https:\/\/vocesdebaires.com.ar\/index.php\/wp-json\/wp\/v2\/posts"}],"about":[{"href":"https:\/\/vocesdebaires.com.ar\/index.php\/wp-json\/wp\/v2\/types\/post"}],"author":[{"embeddable":true,"href":"https:\/\/vocesdebaires.com.ar\/index.php\/wp-json\/wp\/v2\/users\/1"}],"replies":[{"embeddable":true,"href":"https:\/\/vocesdebaires.com.ar\/index.php\/wp-json\/wp\/v2\/comments?post=2898"}],"version-history":[{"count":0,"href":"https:\/\/vocesdebaires.com.ar\/index.php\/wp-json\/wp\/v2\/posts\/2898\/revisions"}],"wp:featuredmedia":[{"embeddable":true,"href":"https:\/\/vocesdebaires.com.ar\/index.php\/wp-json\/wp\/v2\/media\/2899"}],"wp:attachment":[{"href":"https:\/\/vocesdebaires.com.ar\/index.php\/wp-json\/wp\/v2\/media?parent=2898"}],"wp:term":[{"taxonomy":"category","embeddable":true,"href":"https:\/\/vocesdebaires.com.ar\/index.php\/wp-json\/wp\/v2\/categories?post=2898"},{"taxonomy":"post_tag","embeddable":true,"href":"https:\/\/vocesdebaires.com.ar\/index.php\/wp-json\/wp\/v2\/tags?post=2898"}],"curies":[{"name":"wp","href":"https:\/\/api.w.org\/{rel}","templated":true}]}}