{"id":2902,"date":"2020-09-23T03:00:00","date_gmt":"2020-09-23T06:00:00","guid":{"rendered":"http:\/\/vocesdebaires.com.ar\/wordpress\/index.php\/2020\/09\/23\/ciudad-tiene-nuevas-areas-peatonales-transitorias\/"},"modified":"2020-09-23T03:00:00","modified_gmt":"2020-09-23T06:00:00","slug":"ciudad-tiene-nuevas-areas-peatonales-transitorias","status":"publish","type":"post","link":"https:\/\/vocesdebaires.com.ar\/index.php\/2020\/09\/23\/ciudad-tiene-nuevas-areas-peatonales-transitorias\/","title":{"rendered":"Ciudad tiene nuevas \u00e1reas peatonales transitorias"},"content":{"rendered":"<p>La Ciudad habilitar\u00e1 nuevas \u00e1reas peatonales transitorias como parte del plan de vuelta al espacio p\u00fablico. Sumar\u00e1, como m\u00ednimo y de manera progresiva, una por comuna: San Telmo y Retiro (Comuna 1), Recoleta (Comuna 2), Balvanera (Comuna 3), La Boca (Comuna 4), Boedo y San Crist\u00f3bal (Comuna 5), Caballito (Comuna 6), Parque Chacabuco (Comuna 7), Villa Riachuelo (Comuna 8), Liniers (Comuna 9), Villa Luro (Comuna 10), Villa Devoto (Comuna 11), Villa Urquiza (Comuna 12), Belgrano (Comuna 13), Palermo (Comuna 14) y Chacarita (Comuna 15).Cada zona estar\u00e1 cortada al tr\u00e1nsito vehicular y ser\u00e1 demarcada especialmente para que las personas puedan caminar al aire libre, con el objetivo de acompa\u00f1ar el regreso progresivo de los vecinos y vecinas hacia una Ciudad m\u00e1s segura y cuidada. De esta manera tambi\u00e9n se evita la sobrecarga del transporte p\u00fablico de autom\u00f3viles particulares y se consolida un cambio urbano y cultural que estaba en proceso.<\/p>\n<p>El espacio p\u00fablico de nuestra Ciudad se est\u00e1 transformando para ser cada vez m\u00e1s cercano, seguro y sustentable. Por eso, implementamos nuevas \u00e1reas peatonales transitorias, una en cada comuna, para que los vecinos puedan caminar o sentarse a comer o tomar algo respetando el distanciamiento y cumpliendo los protocolos de seguridad. Comenzaron a funcionar nuevas \u00e1reas peatonales transitorias ubicadas en Chacarita, Liniers, Parque Chacabuco, San Nicol\u00e1s, Villa Luro, Belgrano, Boedo, Devoto, La Boca, Recoleta, Retiro, Palermo, San Telmo, Villa Urquiza y Corrientes peatonal. Habr\u00e1 como m\u00ednimo una por comuna y, en su mayor\u00eda, tendr\u00e1n cortes totales los d\u00edas viernes, s\u00e1bado y domingo. Un cronograma indica d\u00f3nde est\u00e1n. Av. Corrientes entre Av. Callo y Libertad: Funcionar\u00e1 los viernes de 17 a 22 h; los s\u00e1bados de 12 a 22 h; y los domingos y feriados de 12 a 20 h.<\/p>\n","protected":false},"excerpt":{"rendered":"<p>La Ciudad habilitar\u00e1 nuevas \u00e1reas peatonales transitorias como parte del plan de vuelta al espacio p\u00fablico. Sumar\u00e1, como m\u00ednimo y de manera progresiva, una por comuna: San Telmo y Retiro (Comuna 1), Recoleta (Comuna 2), Balvanera (Comuna 3), La Boca (Comuna 4), Boedo y San Crist\u00f3bal (Comuna 5), Caballito (Comuna 6), Parque Chacabuco (Comuna 7), [&hellip;]<\/p>\n","protected":false},"author":1,"featured_media":2903,"comment_status":"open","ping_status":"open","sticky":false,"template":"","format":"standard","meta":{"_et_pb_use_builder":"","_et_pb_old_content":"","_et_gb_content_width":"","footnotes":""},"categories":[11,32],"tags":[],"class_list":["post-2902","post","type-post","status-publish","format-standard","has-post-thumbnail","hentry","category-ciudad","category-comunas"],"_links":{"self":[{"href":"https:\/\/vocesdebaires.com.ar\/index.php\/wp-json\/wp\/v2\/posts\/2902"}],"collection":[{"href":"https:\/\/vocesdebaires.com.ar\/index.php\/wp-json\/wp\/v2\/posts"}],"about":[{"href":"https:\/\/vocesdebaires.com.ar\/index.php\/wp-json\/wp\/v2\/types\/post"}],"author":[{"embeddable":true,"href":"https:\/\/vocesdebaires.com.ar\/index.php\/wp-json\/wp\/v2\/users\/1"}],"replies":[{"embeddable":true,"href":"https:\/\/vocesdebaires.com.ar\/index.php\/wp-json\/wp\/v2\/comments?post=2902"}],"version-history":[{"count":0,"href":"https:\/\/vocesdebaires.com.ar\/index.php\/wp-json\/wp\/v2\/posts\/2902\/revisions"}],"wp:featuredmedia":[{"embeddable":true,"href":"https:\/\/vocesdebaires.com.ar\/index.php\/wp-json\/wp\/v2\/media\/2903"}],"wp:attachment":[{"href":"https:\/\/vocesdebaires.com.ar\/index.php\/wp-json\/wp\/v2\/media?parent=2902"}],"wp:term":[{"taxonomy":"category","embeddable":true,"href":"https:\/\/vocesdebaires.com.ar\/index.php\/wp-json\/wp\/v2\/categories?post=2902"},{"taxonomy":"post_tag","embeddable":true,"href":"https:\/\/vocesdebaires.com.ar\/index.php\/wp-json\/wp\/v2\/tags?post=2902"}],"curies":[{"name":"wp","href":"https:\/\/api.w.org\/{rel}","templated":true}]}}