{"id":2904,"date":"2020-09-23T03:00:00","date_gmt":"2020-09-23T06:00:00","guid":{"rendered":"http:\/\/vocesdebaires.com.ar\/wordpress\/index.php\/2020\/09\/23\/cicloviasen-avenidas-corrientes-y-cordoba\/"},"modified":"2020-09-23T03:00:00","modified_gmt":"2020-09-23T06:00:00","slug":"cicloviasen-avenidas-corrientes-y-cordoba","status":"publish","type":"post","link":"https:\/\/vocesdebaires.com.ar\/index.php\/2020\/09\/23\/cicloviasen-avenidas-corrientes-y-cordoba\/","title":{"rendered":"Ciclov\u00edas:En avenidas Corrientes y C\u00f3rdoba"},"content":{"rendered":"<p>La Secretar\u00eda de Transporte y Obras P\u00fablicas contin\u00faa las obras de las nuevas ciclov\u00edas en las avenidas C\u00f3rdoba y Corrientes y en distintos tramos de las avenidas Estado de Israel y \u00c1ngel Gallardo. La propuesta de carriles exclusivos se extender\u00e1 por m\u00e1s de 17 km lineales, unir\u00e1 a trav\u00e9s de corredores directos los barrios de Chacarita y Villa Crespo con el \u00e1rea central de la Ciudad y se adaptar\u00e1 a la operatoria particular de cada parte de la traza. Este proyecto, que se suma los 250 km de ciclov\u00edas existentes, apuesta a transformar el uso de estas avenidas y va en l\u00ednea con las experiencias llevadas a cabo en otras ciudades del mundo como M\u00e9xico DF y Bogot\u00e1 u otras locales, como Rosario, Salta y Neuqu\u00e9n.<\/p>\n<p><strong>Detalle de las nuevas trazas<\/strong><br \/>Av. Corrientes\/Trinidad Guevara entre av. Federico Lacroze y av. Alicia Moreau de Justo (sentido Chacarita &#8211; Centro) &#8211; 8,8 km<br \/>Av. C\u00f3rdoba entre Suipacha y av. Jorge Newbery (sentido Centro &#8211; Chacarita) &#8211; 6,9 km<br \/>Av. Estado de Israel\/Av. \u00c1ngel Gallardo entre Gasc\u00f3n y Bravard (sentido Centro &#8211; Villa Crespo) &#8211; 1,6 km<\/p>\n<p>En las pr\u00f3ximas fases del Plan Integral y Gradual de Puesta en Marcha de la Ciudad se prev\u00e9 la autorizaci\u00f3n de nuevas actividades que impactar\u00e1n directamente en la movilidad de los vecinos. El transporte p\u00fablico seguir\u00e1 priorizado para los esenciales y el auto particular, \u2014en caso de que todos los que pudieran se vuelquen a este modo\u2014 tiene un l\u00edmite en su capacidad de uso. En este sentido, y teniendo en cuenta que en la Ciudad de Buenos Aires la mitad de los desplazamientos son de hasta 5 km de distancia, elegir otras formas de viaje como la bicicleta es clave para garantizar una movilidad equilibrada, saludable, inclusiva y sostenible.<\/p>\n","protected":false},"excerpt":{"rendered":"<p>La Secretar\u00eda de Transporte y Obras P\u00fablicas contin\u00faa las obras de las nuevas ciclov\u00edas en las avenidas C\u00f3rdoba y Corrientes y en distintos tramos de las avenidas Estado de Israel y \u00c1ngel Gallardo. La propuesta de carriles exclusivos se extender\u00e1 por m\u00e1s de 17 km lineales, unir\u00e1 a trav\u00e9s de corredores directos los barrios de [&hellip;]<\/p>\n","protected":false},"author":1,"featured_media":2905,"comment_status":"open","ping_status":"open","sticky":false,"template":"","format":"standard","meta":{"_et_pb_use_builder":"","_et_pb_old_content":"","_et_gb_content_width":"","footnotes":""},"categories":[11,32],"tags":[],"class_list":["post-2904","post","type-post","status-publish","format-standard","has-post-thumbnail","hentry","category-ciudad","category-comunas"],"_links":{"self":[{"href":"https:\/\/vocesdebaires.com.ar\/index.php\/wp-json\/wp\/v2\/posts\/2904"}],"collection":[{"href":"https:\/\/vocesdebaires.com.ar\/index.php\/wp-json\/wp\/v2\/posts"}],"about":[{"href":"https:\/\/vocesdebaires.com.ar\/index.php\/wp-json\/wp\/v2\/types\/post"}],"author":[{"embeddable":true,"href":"https:\/\/vocesdebaires.com.ar\/index.php\/wp-json\/wp\/v2\/users\/1"}],"replies":[{"embeddable":true,"href":"https:\/\/vocesdebaires.com.ar\/index.php\/wp-json\/wp\/v2\/comments?post=2904"}],"version-history":[{"count":0,"href":"https:\/\/vocesdebaires.com.ar\/index.php\/wp-json\/wp\/v2\/posts\/2904\/revisions"}],"wp:featuredmedia":[{"embeddable":true,"href":"https:\/\/vocesdebaires.com.ar\/index.php\/wp-json\/wp\/v2\/media\/2905"}],"wp:attachment":[{"href":"https:\/\/vocesdebaires.com.ar\/index.php\/wp-json\/wp\/v2\/media?parent=2904"}],"wp:term":[{"taxonomy":"category","embeddable":true,"href":"https:\/\/vocesdebaires.com.ar\/index.php\/wp-json\/wp\/v2\/categories?post=2904"},{"taxonomy":"post_tag","embeddable":true,"href":"https:\/\/vocesdebaires.com.ar\/index.php\/wp-json\/wp\/v2\/tags?post=2904"}],"curies":[{"name":"wp","href":"https:\/\/api.w.org\/{rel}","templated":true}]}}