{"id":2906,"date":"2020-09-23T03:00:00","date_gmt":"2020-09-23T06:00:00","guid":{"rendered":"http:\/\/vocesdebaires.com.ar\/wordpress\/index.php\/2020\/09\/23\/ciudad-innova-vuelve-el-festival-educativo-virtual\/"},"modified":"2020-09-23T03:00:00","modified_gmt":"2020-09-23T06:00:00","slug":"ciudad-innova-vuelve-el-festival-educativo-virtual","status":"publish","type":"post","link":"https:\/\/vocesdebaires.com.ar\/index.php\/2020\/09\/23\/ciudad-innova-vuelve-el-festival-educativo-virtual\/","title":{"rendered":"Ciudad: Innova: vuelve el festival educativo virtual"},"content":{"rendered":"<p>La 8.a edici\u00f3n de Innova, el festival educativo de la Ciudad, llega directo a las casas de los\/as estudiantes, docentes y familias. Por primera vez, se har\u00e1 de manera virtual, pero con el mismo objetivo de siempre: conectar a la comunidad educativa con nuevas maneras de ense\u00f1ar y aprender. Adem\u00e1s de las charlas y los talleres, que estar\u00e1n asociados a la ciencia, la tecnolog\u00eda y la sustentabilidad, se llevar\u00e1 a cabo la 55.a edici\u00f3n de la Feria de Educaci\u00f3n, Artes, Ciencias y Tecnolog\u00eda. La agenda tecnol\u00f3gica estar\u00e1 a cargo de la Direcci\u00f3n General de Educaci\u00f3n Digital y de Aprend\u00e9 Programando virtual.<\/p>\n<p>Mientras que la agenda cient\u00edfica y la sustentable estar\u00e1n en manos del Planetario de la Ciudad y de Escuelas Verdes. Las charlas y los talleres comenz\u00f3 el 21 de septiembre a las 10 h y se llevar\u00e1n a cabo todos los d\u00edas hasta el lunes 28. Las actividades se realizar\u00e1n desde el canal de YouTube de Educaci\u00f3n en distintos horarios. Adem\u00e1s, habr\u00e1 propuestas a cargo de actores del sector tecnol\u00f3gico y educativo como Mis ladrillos, Campus Party y Lego. La Feria estar\u00e1 disponible todos los d\u00edas las 24 horas para que los\/as estudiantes junto a sus docentes puedan recorrer los puestos de manera virtual y conocer la experiencia de los\/as creadores\/as de los trabajos.<\/p>\n","protected":false},"excerpt":{"rendered":"<p>La 8.a edici\u00f3n de Innova, el festival educativo de la Ciudad, llega directo a las casas de los\/as estudiantes, docentes y familias. Por primera vez, se har\u00e1 de manera virtual, pero con el mismo objetivo de siempre: conectar a la comunidad educativa con nuevas maneras de ense\u00f1ar y aprender. Adem\u00e1s de las charlas y los [&hellip;]<\/p>\n","protected":false},"author":1,"featured_media":2907,"comment_status":"open","ping_status":"open","sticky":false,"template":"","format":"standard","meta":{"_et_pb_use_builder":"","_et_pb_old_content":"","_et_gb_content_width":"","footnotes":""},"categories":[11,33],"tags":[],"class_list":["post-2906","post","type-post","status-publish","format-standard","has-post-thumbnail","hentry","category-ciudad","category-sociedad-y-cultura-2"],"_links":{"self":[{"href":"https:\/\/vocesdebaires.com.ar\/index.php\/wp-json\/wp\/v2\/posts\/2906"}],"collection":[{"href":"https:\/\/vocesdebaires.com.ar\/index.php\/wp-json\/wp\/v2\/posts"}],"about":[{"href":"https:\/\/vocesdebaires.com.ar\/index.php\/wp-json\/wp\/v2\/types\/post"}],"author":[{"embeddable":true,"href":"https:\/\/vocesdebaires.com.ar\/index.php\/wp-json\/wp\/v2\/users\/1"}],"replies":[{"embeddable":true,"href":"https:\/\/vocesdebaires.com.ar\/index.php\/wp-json\/wp\/v2\/comments?post=2906"}],"version-history":[{"count":0,"href":"https:\/\/vocesdebaires.com.ar\/index.php\/wp-json\/wp\/v2\/posts\/2906\/revisions"}],"wp:featuredmedia":[{"embeddable":true,"href":"https:\/\/vocesdebaires.com.ar\/index.php\/wp-json\/wp\/v2\/media\/2907"}],"wp:attachment":[{"href":"https:\/\/vocesdebaires.com.ar\/index.php\/wp-json\/wp\/v2\/media?parent=2906"}],"wp:term":[{"taxonomy":"category","embeddable":true,"href":"https:\/\/vocesdebaires.com.ar\/index.php\/wp-json\/wp\/v2\/categories?post=2906"},{"taxonomy":"post_tag","embeddable":true,"href":"https:\/\/vocesdebaires.com.ar\/index.php\/wp-json\/wp\/v2\/tags?post=2906"}],"curies":[{"name":"wp","href":"https:\/\/api.w.org\/{rel}","templated":true}]}}