{"id":2912,"date":"2020-09-22T03:00:00","date_gmt":"2020-09-22T06:00:00","guid":{"rendered":"http:\/\/vocesdebaires.com.ar\/wordpress\/index.php\/2020\/09\/22\/locales-bares-permisos-al-aire-libre-con-mesas\/"},"modified":"2020-09-22T03:00:00","modified_gmt":"2020-09-22T06:00:00","slug":"locales-bares-permisos-al-aire-libre-con-mesas","status":"publish","type":"post","link":"https:\/\/vocesdebaires.com.ar\/index.php\/2020\/09\/22\/locales-bares-permisos-al-aire-libre-con-mesas\/","title":{"rendered":"Locales bares: Permisos al aire libre con mesas"},"content":{"rendered":"<p>Podr\u00e1n pedir una habilitaci\u00f3n los locales que no tienen permiso para poner mesas con servicio en las veredas. Esos espacios deber\u00e1n ser autorizados previamente por el Gobierno de la Ciudad y de manera gradual seg\u00fan la evoluci\u00f3n de la situaci\u00f3n sanitaria. El permiso se puede tramitar en este link de la web de la Ciudad: <a href=\"https:\/\/www.buenosaires.gob.ar\/tramites\/emplazamiento-area-gastronomica\">https:\/\/www.buenosaires.gob.ar\/tramites\/emplazamiento-area-gastronomica<\/a>. Se van a habilitar gradualmente.<\/p>\n<p>Tambi\u00e9n se podr\u00e1n habilitar patios y terrazas para el servicio gastron\u00f3mico. Cada uno de esos espacios deber\u00e1 contar con una evaluaci\u00f3n previa por parte de autoridades de la Ciudad, tanto de los espacios como de los accesos, que deber\u00e1n contar\u00a0 con un protocolo espec\u00edfico de circulaci\u00f3n. El uso de terrazas y patios se deber\u00e1 tramitar en el link: <a href=\"https:\/\/www.buenosaires.gob.ar\/tramites\/.El\">https:\/\/www.buenosaires.gob.ar\/tramites\/.El<\/a> Gobierno de la Ciudad verificar\u00e1 el cumplimiento del \u201cProtocolo para el Funcionamiento de Terrazas y Patios Internos de Locales Gastron\u00f3micos\u201d.<\/p>\n<p>No podr\u00e1 haber servicio alguno en los salones internos. Se debe inhabilitar el acceso a \u00e1reas de juegos. Distancia entre personas de al menos 1,5 metros. Llevar al m\u00ednimo posible la convivencia simult\u00e1nea en un mismo espacio f\u00edsico. Uso de tapabocas permanente para todos. La circunferencia que delimite cada mesa debe separarse por 1,5 metros respecto de otra, tomado desde sus l\u00edmites.Las mesas deber\u00e1n ser como m\u00e1ximo para cuatro personas. Se debe colocar un punto de higienizaci\u00f3n con alcohol en gel o sanitizante en cada uno de los espacios.<\/p>\n<p>Las mesas deber\u00e1n desinfectarse luego de que se retire cada comensal y\u00a0 previo a que se siente uno nuevo. Para las mesas en veredas se debe contratar un seguro de responsabilidad civil para esos usos o ampliar el del local. Se recomienda el uso de medios de pago electr\u00f3nicos. Y la instalaci\u00f3n de mamparas o pantallas en las cajas que aseguren la protecci\u00f3n de vendedor\/cliente. Medidas de protecci\u00f3n para los trabajadores, de limpieza, desinfecci\u00f3n general y prevenci\u00f3n en instalaciones, cocinas, salones y sanitarios, y tratamiento de residuos y recepci\u00f3n de mercader\u00edas, seg\u00fan protocolo.<\/p>\n","protected":false},"excerpt":{"rendered":"<p>Podr\u00e1n pedir una habilitaci\u00f3n los locales que no tienen permiso para poner mesas con servicio en las veredas. Esos espacios deber\u00e1n ser autorizados previamente por el Gobierno de la Ciudad y de manera gradual seg\u00fan la evoluci\u00f3n de la situaci\u00f3n sanitaria. El permiso se puede tramitar en este link de la web de la Ciudad: [&hellip;]<\/p>\n","protected":false},"author":1,"featured_media":2913,"comment_status":"open","ping_status":"open","sticky":false,"template":"","format":"standard","meta":{"_et_pb_use_builder":"","_et_pb_old_content":"","_et_gb_content_width":"","footnotes":""},"categories":[11,32],"tags":[],"class_list":["post-2912","post","type-post","status-publish","format-standard","has-post-thumbnail","hentry","category-ciudad","category-comunas"],"_links":{"self":[{"href":"https:\/\/vocesdebaires.com.ar\/index.php\/wp-json\/wp\/v2\/posts\/2912"}],"collection":[{"href":"https:\/\/vocesdebaires.com.ar\/index.php\/wp-json\/wp\/v2\/posts"}],"about":[{"href":"https:\/\/vocesdebaires.com.ar\/index.php\/wp-json\/wp\/v2\/types\/post"}],"author":[{"embeddable":true,"href":"https:\/\/vocesdebaires.com.ar\/index.php\/wp-json\/wp\/v2\/users\/1"}],"replies":[{"embeddable":true,"href":"https:\/\/vocesdebaires.com.ar\/index.php\/wp-json\/wp\/v2\/comments?post=2912"}],"version-history":[{"count":0,"href":"https:\/\/vocesdebaires.com.ar\/index.php\/wp-json\/wp\/v2\/posts\/2912\/revisions"}],"wp:featuredmedia":[{"embeddable":true,"href":"https:\/\/vocesdebaires.com.ar\/index.php\/wp-json\/wp\/v2\/media\/2913"}],"wp:attachment":[{"href":"https:\/\/vocesdebaires.com.ar\/index.php\/wp-json\/wp\/v2\/media?parent=2912"}],"wp:term":[{"taxonomy":"category","embeddable":true,"href":"https:\/\/vocesdebaires.com.ar\/index.php\/wp-json\/wp\/v2\/categories?post=2912"},{"taxonomy":"post_tag","embeddable":true,"href":"https:\/\/vocesdebaires.com.ar\/index.php\/wp-json\/wp\/v2\/tags?post=2912"}],"curies":[{"name":"wp","href":"https:\/\/api.w.org\/{rel}","templated":true}]}}