{"id":2929,"date":"2020-09-21T15:07:35","date_gmt":"2020-09-21T18:07:35","guid":{"rendered":"http:\/\/vocesdebaires.com.ar\/wordpress\/index.php\/2020\/09\/21\/larreta-y-la-puesta-en-marcha-de-la-ciudad\/"},"modified":"2020-09-21T15:07:35","modified_gmt":"2020-09-21T18:07:35","slug":"larreta-y-la-puesta-en-marcha-de-la-ciudad","status":"publish","type":"post","link":"https:\/\/vocesdebaires.com.ar\/index.php\/2020\/09\/21\/larreta-y-la-puesta-en-marcha-de-la-ciudad\/","title":{"rendered":"Larreta: Y la puesta en Marcha de la Ciudad"},"content":{"rendered":"<p>El jefe de Gobierno porte\u00f1o, Horacio Rodr\u00edguez Larreta, dio detalles sobre los avances del Plan Integral de Puesta en Marcha de la Ciudad, en el marco del aislamiento social, preventivo y obligatorio por el coronavirus. \u00abGracias al compromiso de los vecinos y vecinas de la Ciudad pudimos sumar actividades manteniendo estable la situaci\u00f3n sanitaria\u201d, expres\u00f3 Rodr\u00edguez Larreta. \u00abLlevamos diez semanas en las que los casos diarios est\u00e1n estabilizados en 1.100. Adem\u00e1s hace dos meses que las camas de terapia intensiva del sistema p\u00fablico est\u00e1n ocupadas al 60%\u201d, precis\u00f3. Del mismo modo explic\u00f3 que hoy la Ciudad est\u00e1 \u201ctesteando a todos los que tienen s\u00edntomas, a todos los convivientes de los contagiados y, desde hace dos semanas, tambi\u00e9n a todos los contactos estrechos\u201d.<\/p>\n<p>El Jefe de Gobierno porte\u00f1o asegur\u00f3 que la estabilidad \u201ces alentadora\u201d, y profundiz\u00f3 acerca de c\u00f3mo seguir\u00e1 el Plan Integral de Puesta en Marcha de la Ciudad. \u201cPara nosotros la prioridad n\u00famero uno es la educaci\u00f3n\u201d, dijo Rodr\u00edguez Larreta, y argument\u00f3: \u201cNo hay nada que reemplace la sociabilizaci\u00f3n de los chicos. Por eso en forma progresiva, gradual y cuidada proponemos un grado de presencialidad\u201d. En relaci\u00f3n a este tema, anunci\u00f3: \u201cHace dos d\u00edas nuestra ministra de Educaci\u00f3n le present\u00f3 un nuevo proyecto al Gobierno nacional en el que todas las actividades que proponemos son al aire libre\u201d. En referencia a esto, reconoci\u00f3: \u201cEstoy convencido de que en base al di\u00e1logo vamos a ponernos de acuerdo para poder arrancar\u201d.<\/p>\n<p>Tambi\u00e9n con respecto a los chicos y chicas de la Ciudad aclar\u00f3 que \u201ca partir del mi\u00e9rcoles 23 se lanzar\u00e1 la vacunaci\u00f3n para los nenes y nenas de 5, 6 y 11 a\u00f1os\u201d, y a\u00f1adi\u00f3: \u201cSe deber\u00e1 pedir turno y vamos a seguir con lo del n\u00famero de documento coincidiendo con los d\u00edas\u201d. Por otro lado, y en relaci\u00f3n a la gastronom\u00eda, se\u00f1al\u00f3 que \u201clos locales que no ten\u00edan permiso para sacar las mesas a la calle ahora podr\u00e1n tramitarlo\u201d, y agreg\u00f3: \u201cTambi\u00e9n se van a habilitar todos los espacios al aire libre que est\u00e9n dentro de estos\u201d.<\/p>\n<p>Con respecto a la construcci\u00f3n, remarc\u00f3: \u201cA partir del lunes se podr\u00e1n pedir los permisos para empezar con las obras mayores a 5.000 metros cuadrados o aquellas a las que les falten menos de 90 d\u00edas para terminar\u00bb. D\u00e9 la misma forma hizo hincapi\u00e9 en retomar progresivamente los estudios de rutina, ya que \u201cson muy importantes para la medicina preventiva\u201d. Adem\u00e1s apunt\u00f3 que \u00abse volver\u00e1n a abrir los centros de rehabilitaci\u00f3n para las personas con discapacidad\u201d.Por \u00faltimo, el Jefe de Gobierno porte\u00f1o destac\u00f3 que \u201cel bienestar espiritual es muy importante\u201d, y que por eso \u00abse habilitar\u00e1n las celebraciones religiosas de no m\u00e1s de 20 personas\u201d.Rodr\u00edguez Larreta estuvo acompa\u00f1ado por el vicejefe de Gobierno porte\u00f1o, Diego Santilli; el jefe de Gabinete, Felipe Miguel; el ministro de Salud, Fern\u00e1n Quir\u00f3s; la ministra de Educaci\u00f3n, Soledad Acu\u00f1a; y el ministro de Desarrollo Econ\u00f3mico y Producci\u00f3n, Jos\u00e9 Luis Giusti.<\/p>\n<p><strong>Plan Integral de Puesta en Marcha de la Ciudad<\/strong><\/p>\n<p>Construcci\u00f3n: entra en vigencia el lunes el permiso para obras menores a 90 d\u00edas como mayores a 5. 000 metros cuadrados.<br \/>Gastronom\u00eda al aire libre: se podr\u00e1n habilitar mesas con servicio en el espacio p\u00fablico (previa autorizaci\u00f3n) y en patios y terrazas (previa validaci\u00f3n de cumplimiento de protocolo).<br \/>Culto: se permitir\u00e1n celebraciones lit\u00fargicas con hasta 20 personas.<br \/>Atenci\u00f3n m\u00e9dica no urgente: en consultorios.<br \/>Centros de rehabilitaci\u00f3n: atenci\u00f3n seg\u00fan protocolo.<br \/>Escuelas privadas y universidades: atenci\u00f3n administrativa con turnos.<\/p>\n<p><strong>Educaci\u00f3n<\/strong><\/p>\n<p>Plan integral para volver a clases en el espacio p\u00fablico<br \/>El Gobierno de la Ciudad le present\u00f3 al Gobierno nacional un plan integral con propuestas para la vuelta a clases presenciales en el espacio p\u00fablico.<br \/>El plan tiene tres ejes:<\/p>\n<p>1 &#8211; Apoyo escolar y talleres de lectura en el espacio p\u00fablico<br \/>2 &#8211; La escuela en la calle<br \/>3 &#8211; Espacios evaluativos para el nivel superior.<\/p>\n<p>Apoyo escolar en el espacio p\u00fablico: est\u00e1 destinado a 6.500 alumnos y estudiantes que perdieron contacto con sus escuelas y se centra en el acompa\u00f1amiento personalizado para evitar que pierdan la escolaridad.<br \/> El apoyo escolar se dar\u00e1 en los espacios p\u00fablicos de la Ciudad en el horario de 9 a 12 en una plaza por barrio. Habr\u00e1 grupos de 10 personas por plaza, en turnos de una hora y 15 minutos. Estar\u00e1 a cargo de docentes socioeducativos.Para los chicos del primer grado de primaria estatal y privada, que tienen menor grado de autonom\u00eda para el aprendizaje, habr\u00e1 talleres de lectura en el espacio p\u00fablico. Se har\u00e1n en coordinaci\u00f3n con Cultura y ONGs. Y deber\u00e1n estar acompa\u00f1ados por un adulto.<\/p>\n<p>La escuela en la calle: destinado a estudiantes de quinto y sexto a\u00f1o de escuelas estatales y privadas que est\u00e1n cerrando un ciclo. Habr\u00e1 clases dos veces por semana entre las 10 y las 12 con el mobiliario de las escuelas al aire libre y sin cortar calles, a cargo de la conducci\u00f3n de y personal de cada una. Se har\u00e1n en articulaci\u00f3n con otras dependencias: Espacio P\u00fablico, Transporte y Vinculaci\u00f3n Ciudadana con la Seguridad.<br \/> Espacios evaluativos del nivel superior: son para los estudiantes de educaci\u00f3n estatal y privada en condiciones de recibirse que necesitan poder dar los ex\u00e1menes finales para insertarse laboralmente. Se har\u00e1n en espacios al aire libre. Son adultos del nivel superior y formaci\u00f3n profesional que est\u00e1n estudiando profesiones y oficios en industrias que hoy est\u00e1n habilitadas a funcionar. <\/p>\n","protected":false},"excerpt":{"rendered":"<p>El jefe de Gobierno porte\u00f1o, Horacio Rodr\u00edguez Larreta, dio detalles sobre los avances del Plan Integral de Puesta en Marcha de la Ciudad, en el marco del aislamiento social, preventivo y obligatorio por el coronavirus. \u00abGracias al compromiso de los vecinos y vecinas de la Ciudad pudimos sumar actividades manteniendo estable la situaci\u00f3n sanitaria\u201d, expres\u00f3 [&hellip;]<\/p>\n","protected":false},"author":1,"featured_media":2930,"comment_status":"open","ping_status":"open","sticky":false,"template":"","format":"standard","meta":{"_et_pb_use_builder":"","_et_pb_old_content":"","_et_gb_content_width":"","footnotes":""},"categories":[11,33],"tags":[],"class_list":["post-2929","post","type-post","status-publish","format-standard","has-post-thumbnail","hentry","category-ciudad","category-sociedad-y-cultura-2"],"_links":{"self":[{"href":"https:\/\/vocesdebaires.com.ar\/index.php\/wp-json\/wp\/v2\/posts\/2929"}],"collection":[{"href":"https:\/\/vocesdebaires.com.ar\/index.php\/wp-json\/wp\/v2\/posts"}],"about":[{"href":"https:\/\/vocesdebaires.com.ar\/index.php\/wp-json\/wp\/v2\/types\/post"}],"author":[{"embeddable":true,"href":"https:\/\/vocesdebaires.com.ar\/index.php\/wp-json\/wp\/v2\/users\/1"}],"replies":[{"embeddable":true,"href":"https:\/\/vocesdebaires.com.ar\/index.php\/wp-json\/wp\/v2\/comments?post=2929"}],"version-history":[{"count":0,"href":"https:\/\/vocesdebaires.com.ar\/index.php\/wp-json\/wp\/v2\/posts\/2929\/revisions"}],"wp:featuredmedia":[{"embeddable":true,"href":"https:\/\/vocesdebaires.com.ar\/index.php\/wp-json\/wp\/v2\/media\/2930"}],"wp:attachment":[{"href":"https:\/\/vocesdebaires.com.ar\/index.php\/wp-json\/wp\/v2\/media?parent=2929"}],"wp:term":[{"taxonomy":"category","embeddable":true,"href":"https:\/\/vocesdebaires.com.ar\/index.php\/wp-json\/wp\/v2\/categories?post=2929"},{"taxonomy":"post_tag","embeddable":true,"href":"https:\/\/vocesdebaires.com.ar\/index.php\/wp-json\/wp\/v2\/tags?post=2929"}],"curies":[{"name":"wp","href":"https:\/\/api.w.org\/{rel}","templated":true}]}}