{"id":29352,"date":"2015-05-28T14:59:26","date_gmt":"2015-05-28T17:59:26","guid":{"rendered":"http:\/\/vocesdebaires.com.ar\/wordpress\/index.php\/2015\/05\/28\/alfio-basile-es-personalidad-destacada-del-deporte\/"},"modified":"2015-05-28T14:59:26","modified_gmt":"2015-05-28T17:59:26","slug":"alfio-basile-es-personalidad-destacada-del-deporte","status":"publish","type":"post","link":"https:\/\/vocesdebaires.com.ar\/index.php\/2015\/05\/28\/alfio-basile-es-personalidad-destacada-del-deporte\/","title":{"rendered":"Alfio Basile es Personalidad Destacada del Deporte"},"content":{"rendered":"<p>\u00a0<br \/>\nEl \u00abCoco\u00bb Basile fue declarado Personalidad Destacada del Deporte de la Ciudad de Buenos Aires a trav\u00e9s de una ley que sancion\u00f3 el Cuerpo legislativo en diciembre del a\u00f1o pasado. El acto de premiaci\u00f3n se llev\u00f3 adelante en el Sal\u00f3n San Mart\u00edn ante una gran cantidad de p\u00fablico que se acerc\u00f3 a compartir el reconocimiento con el ex entrenador de la Selecci\u00f3n Argentina.\u00bbGracias al f\u00fatbol conoc\u00ed el mundo y la Ciudad de Buenos Aires es la mejor de todas. Que me den este premio es muy emotivo sobre todo por la familia y los amigos que veo ac\u00e1\u00bb, agradeci\u00f3 Basile despu\u00e9s de recibir el diploma.<br \/>\nPor su parte, el diputado Francisco Quintana (PRO), autor de la iniciativa, expres\u00f3: \u00abEstamos ante la presencia de una persona cuyo desempe\u00f1o lo ha ubicado en una posici\u00f3n de cari\u00f1o y reconocimiento social, y ante las evidentes muestras de afici\u00f3n que vive diariamente por la sociedad, me parece adecuado, desde nuestra posici\u00f3n, alentarlo, felicitarlo y honrarlo con la m\u00e1s grata satisfacci\u00f3n posible. Alfio Basile merece el reconocimiento y la valoraci\u00f3n de \u00e9sta Legislatura, por lo que nos dio como deportista, como t\u00e9cnico y fundamentalmente como persona\u00bb. En tanto, el director de medios de la Asociaci\u00f3n del F\u00fatbol Argentino, Ernesto Cherquis Bialo repas\u00f3 su trayectoria y la amistad que lo une con Basile. \u00abHoy el Coco recibe un homenaje, para m\u00ed un poco tard\u00edo, pero justo y leg\u00edtimo\u00bb, sostuvo.<br \/>\nEn los fundamentos de la propuesta de declaraci\u00f3n se manifiesta que \u201cadem\u00e1s de poseer una gran calidad humana, Basile es un individuo que muestra sostener sus ideales por sobre las opiniones generales. Su simpat\u00eda y sinceridad hacen que sea una persona querida y respetada por la gran mayor\u00eda de los clubes, hinchas y personas que, les guste o no el f\u00fatbol, tenemos la suerte de conocerlo\u201d.<br \/>\nParticiparon de la ceremonia grandes glorias del f\u00fatbol, autoridades que representan a los clubes y personas cercanas al homenajeado, entre ellos H\u00e9ctor Veira y Guillermo Coppola. Adem\u00e1s, estuvieron los diputados Oscar Moscariello, Enzo Pagani y Jorge Garayalde (PRO), coautores del proyecto de ley. Al final del evento, la artista Adriana Varela, quien mantiene una gran amistad con el \u00abCoco\u00bb, cant\u00f3 los tangos \u00abPor una cabeza\u00bb y \u00abGarganta con arena\u00bb que fue celebrado por el p\u00fablico presente.<br \/>\n\u00a0<br \/>\nFoto: \u00abCoco\u00bb Basile es Personalidad Destacada del Deporte<\/p>\n","protected":false},"excerpt":{"rendered":"<p>\u00a0 El \u00abCoco\u00bb Basile fue declarado Personalidad Destacada del Deporte de la Ciudad de Buenos Aires a trav\u00e9s de una ley que sancion\u00f3 el Cuerpo legislativo en diciembre del a\u00f1o pasado. El acto de premiaci\u00f3n se llev\u00f3 adelante en el Sal\u00f3n San Mart\u00edn ante una gran cantidad de p\u00fablico que se acerc\u00f3 a compartir el [&hellip;]<\/p>\n","protected":false},"author":2,"featured_media":29353,"comment_status":"open","ping_status":"open","sticky":false,"template":"","format":"standard","meta":{"_et_pb_use_builder":"","_et_pb_old_content":"","_et_gb_content_width":"","footnotes":""},"categories":[39,14],"tags":[],"class_list":["post-29352","post","type-post","status-publish","format-standard","has-post-thumbnail","hentry","category-1o-division-a","category-deportes"],"_links":{"self":[{"href":"https:\/\/vocesdebaires.com.ar\/index.php\/wp-json\/wp\/v2\/posts\/29352"}],"collection":[{"href":"https:\/\/vocesdebaires.com.ar\/index.php\/wp-json\/wp\/v2\/posts"}],"about":[{"href":"https:\/\/vocesdebaires.com.ar\/index.php\/wp-json\/wp\/v2\/types\/post"}],"author":[{"embeddable":true,"href":"https:\/\/vocesdebaires.com.ar\/index.php\/wp-json\/wp\/v2\/users\/2"}],"replies":[{"embeddable":true,"href":"https:\/\/vocesdebaires.com.ar\/index.php\/wp-json\/wp\/v2\/comments?post=29352"}],"version-history":[{"count":0,"href":"https:\/\/vocesdebaires.com.ar\/index.php\/wp-json\/wp\/v2\/posts\/29352\/revisions"}],"wp:featuredmedia":[{"embeddable":true,"href":"https:\/\/vocesdebaires.com.ar\/index.php\/wp-json\/wp\/v2\/media\/29353"}],"wp:attachment":[{"href":"https:\/\/vocesdebaires.com.ar\/index.php\/wp-json\/wp\/v2\/media?parent=29352"}],"wp:term":[{"taxonomy":"category","embeddable":true,"href":"https:\/\/vocesdebaires.com.ar\/index.php\/wp-json\/wp\/v2\/categories?post=29352"},{"taxonomy":"post_tag","embeddable":true,"href":"https:\/\/vocesdebaires.com.ar\/index.php\/wp-json\/wp\/v2\/tags?post=29352"}],"curies":[{"name":"wp","href":"https:\/\/api.w.org\/{rel}","templated":true}]}}