{"id":29357,"date":"2015-05-28T16:05:32","date_gmt":"2015-05-28T19:05:32","guid":{"rendered":"http:\/\/vocesdebaires.com.ar\/wordpress\/index.php\/2015\/05\/28\/por-escandalo-blatter-pierde-el-apoyo-de-europa\/"},"modified":"2015-05-28T16:05:32","modified_gmt":"2015-05-28T19:05:32","slug":"por-escandalo-blatter-pierde-el-apoyo-de-europa","status":"publish","type":"post","link":"https:\/\/vocesdebaires.com.ar\/index.php\/2015\/05\/28\/por-escandalo-blatter-pierde-el-apoyo-de-europa\/","title":{"rendered":"Por esc\u00e1ndalo: Blatter pierde el apoyo de Europa"},"content":{"rendered":"<p>\u00a0<br \/>\nEl presidente de la Uni\u00f3n Europea de F\u00fatbol (UEFA), Michel Platini, indic\u00f3 haber pedido a Joseph Blatter, presidente de la Federaci\u00f3n Internacional (FIFA), \u00abque dimita\u00bb, el jueves durante una reuni\u00f3n de representantes de las Confederaciones. \u00abLe ped\u00ed que dimita, ya es suficiente. &#8216;Sepp&#8217; Blatter me escuch\u00f3, pero dijo que es demasiado tarde\u00bb, explic\u00f3 en rueda de prensa Platini, que solicit\u00f3 el voto para el rival de Blatter el viernes en las elecciones presidenciales de la FIFA, el pr\u00edncipe jordano Ali Bin Al Hussein.Platini dijo sentirse \u00abdisgustado y asqueado\u00bb por la situaci\u00f3n de la FIFA tras el esc\u00e1ndalo de corrupci\u00f3n conocido el mi\u00e9rcoles y subray\u00f3 que \u00abcambiar de presidente es la \u00fanica manera de cambiar la FIFA\u00bb.<br \/>\nEl ex futbolista franc\u00e9s asegur\u00f3 adem\u00e1s que \u00abuna muy amplia mayor\u00eda de las federaciones europeas van a votar a Ali\u00bb el viernes en la elecci\u00f3n presidencial. \u00abAntes de lo que ha pasado esta semana, puede que no, pero ahora, con lo que ha ocurrido, creo que Blatter puede ser derrotado\u00bb, subray\u00f3 el ex astro de la Juventus y de la selecci\u00f3n francesa. \u00abPor un lado est\u00e1 el f\u00fatbol, eso es la UEFA, y por el otro, y me duele cuando ocurre, los problemas en la FIFA\u00bb, concluy\u00f3.<br \/>\nPor otra parte, el ingl\u00e9s David Gill, miembro de la UEFA, indic\u00f3 que si Blatter es reelegido el viernes, no asumir\u00e1 su cargo de vicepresidente de la FIFA, como se\u00f1al de protesta. \u00abTendremos una reuni\u00f3n entre europeos, en Berl\u00edn, en el marco de la final de la Liga de Campeones, el 6 de junio, para ver si otros (en el seno de la UEFA), adem\u00e1s de David Gill, no quieren trabajar al lado de Blatter si es reelegido, pero eso no lo deseo, aunque estoy a la escucha de lo que me digan\u00bb, cerr\u00f3 Platini.<br \/>\nFuente: AFP<\/p>\n","protected":false},"excerpt":{"rendered":"<p>\u00a0 El presidente de la Uni\u00f3n Europea de F\u00fatbol (UEFA), Michel Platini, indic\u00f3 haber pedido a Joseph Blatter, presidente de la Federaci\u00f3n Internacional (FIFA), \u00abque dimita\u00bb, el jueves durante una reuni\u00f3n de representantes de las Confederaciones. \u00abLe ped\u00ed que dimita, ya es suficiente. &#8216;Sepp&#8217; Blatter me escuch\u00f3, pero dijo que es demasiado tarde\u00bb, explic\u00f3 en [&hellip;]<\/p>\n","protected":false},"author":2,"featured_media":29358,"comment_status":"open","ping_status":"open","sticky":false,"template":"","format":"standard","meta":{"_et_pb_use_builder":"","_et_pb_old_content":"","_et_gb_content_width":"","footnotes":""},"categories":[39,14],"tags":[],"class_list":["post-29357","post","type-post","status-publish","format-standard","has-post-thumbnail","hentry","category-1o-division-a","category-deportes"],"_links":{"self":[{"href":"https:\/\/vocesdebaires.com.ar\/index.php\/wp-json\/wp\/v2\/posts\/29357"}],"collection":[{"href":"https:\/\/vocesdebaires.com.ar\/index.php\/wp-json\/wp\/v2\/posts"}],"about":[{"href":"https:\/\/vocesdebaires.com.ar\/index.php\/wp-json\/wp\/v2\/types\/post"}],"author":[{"embeddable":true,"href":"https:\/\/vocesdebaires.com.ar\/index.php\/wp-json\/wp\/v2\/users\/2"}],"replies":[{"embeddable":true,"href":"https:\/\/vocesdebaires.com.ar\/index.php\/wp-json\/wp\/v2\/comments?post=29357"}],"version-history":[{"count":0,"href":"https:\/\/vocesdebaires.com.ar\/index.php\/wp-json\/wp\/v2\/posts\/29357\/revisions"}],"wp:featuredmedia":[{"embeddable":true,"href":"https:\/\/vocesdebaires.com.ar\/index.php\/wp-json\/wp\/v2\/media\/29358"}],"wp:attachment":[{"href":"https:\/\/vocesdebaires.com.ar\/index.php\/wp-json\/wp\/v2\/media?parent=29357"}],"wp:term":[{"taxonomy":"category","embeddable":true,"href":"https:\/\/vocesdebaires.com.ar\/index.php\/wp-json\/wp\/v2\/categories?post=29357"},{"taxonomy":"post_tag","embeddable":true,"href":"https:\/\/vocesdebaires.com.ar\/index.php\/wp-json\/wp\/v2\/tags?post=29357"}],"curies":[{"name":"wp","href":"https:\/\/api.w.org\/{rel}","templated":true}]}}