{"id":29399,"date":"2015-06-03T02:52:48","date_gmt":"2015-06-03T05:52:48","guid":{"rendered":"http:\/\/vocesdebaires.com.ar\/wordpress\/index.php\/2015\/06\/03\/diego-milito-personalidad-destacada-del-deporte\/"},"modified":"2015-06-03T02:52:48","modified_gmt":"2015-06-03T05:52:48","slug":"diego-milito-personalidad-destacada-del-deporte","status":"publish","type":"post","link":"https:\/\/vocesdebaires.com.ar\/index.php\/2015\/06\/03\/diego-milito-personalidad-destacada-del-deporte\/","title":{"rendered":"Diego Milito, Personalidad Destacada del Deporte"},"content":{"rendered":"<p>\u00a0<br \/>\nDiego Milito se encuentra en la etapa final de su carrera, llena de reconocimientos y t\u00edtulos deportivos que lo llevaron a triunfar y destacarse entre los mejores dentro del f\u00fatbol a nivel mundial, raz\u00f3n por la cual la Legislatura porte\u00f1a decidi\u00f3 homenajearlo.La ceremonia de premiaci\u00f3n se realiz\u00f3 en un acto organizado por el diputado Roberto Quattromano (PRO) quien fue el autor de la iniciativa sancionada el 12 de marzo pasado. \u00abQuiero destacar que Diego es una persona maravillosa y siempre dispuesto a ayudar con lo solidario y lo social. Eso lo lleva a ser la persona que es\u00bb, expres\u00f3 el legislador. Adem\u00e1s resalt\u00f3 que \u00abest\u00e1 a la altura de los grandes \u00eddolos de la instituci\u00f3n, es un ejemplo de vida y de dedicaci\u00f3n\u00bb.<br \/>\n\u00abEl Pr\u00edncipe\u00bb estuvo acompa\u00f1ado por amigos, familiares, directivos de Racing y glorias del club que sobresalieron a trav\u00e9s de la historia. \u00abPara m\u00ed estar ac\u00e1 significa una gran felicidad. Soy un afortunado y siento emoci\u00f3n de recibir este galard\u00f3n en un lugar por el que han pasado grandes personalidades del deporte\u00bb, agradeci\u00f3 el homenajeado previo a recibir el diploma que lo distingue y la placa recordatoria de su paso por el Palacio legislativo porte\u00f1o.<br \/>\nMilito debut\u00f3 en Racing en 1999 y en 2001 se consagr\u00f3 campe\u00f3n con el recordado equipo de Reinaldo Merlo. Tambi\u00e9n tuvo un exitoso paso por el f\u00fatbol europeo, consiguiendo la Liga de Campeones y el Mundial de Clubes con el Inter de Mil\u00e1n, lo que le abri\u00f3 las puertas de la Selecci\u00f3n Argentina en varias oportunidades. Finalmente Milito decidi\u00f3 regresar a Racing donde obtuvo un nuevo campeonato a fines del a\u00f1o pasado, y hoy sigue en actividad siendo el capit\u00e1n y referente del equipo.<br \/>\nFoto : Diego Milito fue reconocido por el Jefe de Gabinete porte\u00f1o, Horacio Rodr\u00edguez Larreta y el diputado Roberto Quattromano (PRO), autor de la iniciativa<\/p>\n","protected":false},"excerpt":{"rendered":"<p>\u00a0 Diego Milito se encuentra en la etapa final de su carrera, llena de reconocimientos y t\u00edtulos deportivos que lo llevaron a triunfar y destacarse entre los mejores dentro del f\u00fatbol a nivel mundial, raz\u00f3n por la cual la Legislatura porte\u00f1a decidi\u00f3 homenajearlo.La ceremonia de premiaci\u00f3n se realiz\u00f3 en un acto organizado por el diputado [&hellip;]<\/p>\n","protected":false},"author":2,"featured_media":29400,"comment_status":"open","ping_status":"open","sticky":false,"template":"","format":"standard","meta":{"_et_pb_use_builder":"","_et_pb_old_content":"","_et_gb_content_width":"","footnotes":""},"categories":[39,14],"tags":[],"class_list":["post-29399","post","type-post","status-publish","format-standard","has-post-thumbnail","hentry","category-1o-division-a","category-deportes"],"_links":{"self":[{"href":"https:\/\/vocesdebaires.com.ar\/index.php\/wp-json\/wp\/v2\/posts\/29399"}],"collection":[{"href":"https:\/\/vocesdebaires.com.ar\/index.php\/wp-json\/wp\/v2\/posts"}],"about":[{"href":"https:\/\/vocesdebaires.com.ar\/index.php\/wp-json\/wp\/v2\/types\/post"}],"author":[{"embeddable":true,"href":"https:\/\/vocesdebaires.com.ar\/index.php\/wp-json\/wp\/v2\/users\/2"}],"replies":[{"embeddable":true,"href":"https:\/\/vocesdebaires.com.ar\/index.php\/wp-json\/wp\/v2\/comments?post=29399"}],"version-history":[{"count":0,"href":"https:\/\/vocesdebaires.com.ar\/index.php\/wp-json\/wp\/v2\/posts\/29399\/revisions"}],"wp:featuredmedia":[{"embeddable":true,"href":"https:\/\/vocesdebaires.com.ar\/index.php\/wp-json\/wp\/v2\/media\/29400"}],"wp:attachment":[{"href":"https:\/\/vocesdebaires.com.ar\/index.php\/wp-json\/wp\/v2\/media?parent=29399"}],"wp:term":[{"taxonomy":"category","embeddable":true,"href":"https:\/\/vocesdebaires.com.ar\/index.php\/wp-json\/wp\/v2\/categories?post=29399"},{"taxonomy":"post_tag","embeddable":true,"href":"https:\/\/vocesdebaires.com.ar\/index.php\/wp-json\/wp\/v2\/tags?post=29399"}],"curies":[{"name":"wp","href":"https:\/\/api.w.org\/{rel}","templated":true}]}}