{"id":2941,"date":"2020-09-30T03:00:00","date_gmt":"2020-09-30T06:00:00","guid":{"rendered":"http:\/\/vocesdebaires.com.ar\/wordpress\/index.php\/2020\/09\/30\/ciudad-agenda-legislativa-comision-de-urbanismo\/"},"modified":"2020-09-30T03:00:00","modified_gmt":"2020-09-30T06:00:00","slug":"ciudad-agenda-legislativa-comision-de-urbanismo","status":"publish","type":"post","link":"https:\/\/vocesdebaires.com.ar\/index.php\/2020\/09\/30\/ciudad-agenda-legislativa-comision-de-urbanismo\/","title":{"rendered":"Ciudad: Agenda legislativa comisi\u00f3n de Urbanismo"},"content":{"rendered":"<p>Legisladores de la Ciudad Aut\u00f3noma de Buenos Aires trabajaron ayer martes en comisiones, donde se analizan y discuten los proyectos que, luego de ser dictaminados, pasan a su debate y votaci\u00f3n en sesi\u00f3n ordinaria. Planeamiento Urbano, que preside la legisladora Victoria Rold\u00e1n M\u00e9ndez (VJ) continu\u00f3 con el extenso y meticuloso debate del proyecto destinado a reconsiderar detalles del C\u00f3digo Urban\u00edstico sancionado a fines de 2018 y promulgado como ley de la Ciudad 6.099.<\/p>\n<p>Como se viene aclarando desde el comienzo de su discusi\u00f3n, el proyecto iniciado por el Poder Ejecutivo impulsa modificaciones a propuesta o solicitud de los profesionales, funcionarios y vecinos que, al aplicar las normativas del flamante C\u00f3digo Urban\u00edstico, se encontraron con dudas, alg\u00fan vac\u00edo normativo o contradicci\u00f3n, la necesidad de pedir aclaraciones o alg\u00fan t\u00e9rmino err\u00f3neo. Por eso, en consonancia con el Consejo Profesional de Arquitectura y Urbanismo y la Sociedad Central de Arquitectos, la Jefatura de Gobierno de la CABA elabor\u00f3 el proyecto de ley modificatoria, que ya fue intensamente analizado en comisi\u00f3n, por asesores, especialistas y legisladores, obtuvo una aprobaci\u00f3n en primera lectura y fue sometido a Audiencia P\u00fablica durante dos jornadas, con las exposiciones de los funcionarios oficiales y la participaci\u00f3n de m\u00e1s de 200 inscriptos.<\/p>\n<p>Ayer, volvi\u00f3 a reunirse la Comisi\u00f3n de Planeamiento Urbano con funcionarios del \u00e1rea respectiva del Ejecutivo, para repasar las inquietudes, cr\u00edticas y ponencias de la Audiencia P\u00fablica, convertidas ahora en rectificaciones o agregados al proyecto en tratamiento, que seguir\u00e1 en deliberaci\u00f3n, consulta y adecuaci\u00f3n antes de ser despachado para su sanci\u00f3n definitiva. \u00c1lvaro Garc\u00eda Resta es el secretario de Desarrollo Urbano de la Ciudad que encabeza el equipo de funcionarios abocados a esta tarea conjunta con el Poder Legislativo. Se envi\u00f3 a la comisi\u00f3n parlamentaria a varios de sus funcionarios para explicar los \u00faltimos cambios o correcciones. Entre otros, intervinieron los directores de Interpretaci\u00f3n Urban\u00edstica, Sandra Tuya, y de Patrimonio Urbano, Emiliano Cruz Michelena.<\/p>\n<p>Se insisti\u00f3 que lo que se busca es \u201cuna normativa m\u00e1s precisa, que aporte mayores certidumbres en la aplicaci\u00f3n t\u00e9cnica\u201d de los preceptos legales y, a la vez, generar \u201cmayor competitividad y transparencia\u201d. M\u00e1s especificaciones, simplificaci\u00f3n de tr\u00e1mites, incorporaci\u00f3n de definiciones para la comprensi\u00f3n y aplicaci\u00f3n del CU, as\u00ed como unificaci\u00f3n de terminolog\u00eda y de conceptos con los c\u00f3digos de Edificaci\u00f3n y de Habilitaciones, son algunas de las premisas planteadas por quienes trabajan en la nueva ley. Por ejemplo, habr\u00e1 precisiones del l\u00e9xico urbano ambiental (donde se usan expresiones nuevas como techo verde, parque ecol\u00f3gico, cubierta nativa, patio vertical, parche urbano); un \u00fanico nomenclador de cuadro de usos; explicaci\u00f3n de nueva terminolog\u00eda log\u00edstica, etc\u00e9tera.<\/p>\n","protected":false},"excerpt":{"rendered":"<p>Legisladores de la Ciudad Aut\u00f3noma de Buenos Aires trabajaron ayer martes en comisiones, donde se analizan y discuten los proyectos que, luego de ser dictaminados, pasan a su debate y votaci\u00f3n en sesi\u00f3n ordinaria. Planeamiento Urbano, que preside la legisladora Victoria Rold\u00e1n M\u00e9ndez (VJ) continu\u00f3 con el extenso y meticuloso debate del proyecto destinado a [&hellip;]<\/p>\n","protected":false},"author":1,"featured_media":2942,"comment_status":"open","ping_status":"open","sticky":false,"template":"","format":"standard","meta":{"_et_pb_use_builder":"","_et_pb_old_content":"","_et_gb_content_width":"","footnotes":""},"categories":[11,33],"tags":[],"class_list":["post-2941","post","type-post","status-publish","format-standard","has-post-thumbnail","hentry","category-ciudad","category-sociedad-y-cultura-2"],"_links":{"self":[{"href":"https:\/\/vocesdebaires.com.ar\/index.php\/wp-json\/wp\/v2\/posts\/2941"}],"collection":[{"href":"https:\/\/vocesdebaires.com.ar\/index.php\/wp-json\/wp\/v2\/posts"}],"about":[{"href":"https:\/\/vocesdebaires.com.ar\/index.php\/wp-json\/wp\/v2\/types\/post"}],"author":[{"embeddable":true,"href":"https:\/\/vocesdebaires.com.ar\/index.php\/wp-json\/wp\/v2\/users\/1"}],"replies":[{"embeddable":true,"href":"https:\/\/vocesdebaires.com.ar\/index.php\/wp-json\/wp\/v2\/comments?post=2941"}],"version-history":[{"count":0,"href":"https:\/\/vocesdebaires.com.ar\/index.php\/wp-json\/wp\/v2\/posts\/2941\/revisions"}],"wp:featuredmedia":[{"embeddable":true,"href":"https:\/\/vocesdebaires.com.ar\/index.php\/wp-json\/wp\/v2\/media\/2942"}],"wp:attachment":[{"href":"https:\/\/vocesdebaires.com.ar\/index.php\/wp-json\/wp\/v2\/media?parent=2941"}],"wp:term":[{"taxonomy":"category","embeddable":true,"href":"https:\/\/vocesdebaires.com.ar\/index.php\/wp-json\/wp\/v2\/categories?post=2941"},{"taxonomy":"post_tag","embeddable":true,"href":"https:\/\/vocesdebaires.com.ar\/index.php\/wp-json\/wp\/v2\/tags?post=2941"}],"curies":[{"name":"wp","href":"https:\/\/api.w.org\/{rel}","templated":true}]}}