{"id":29438,"date":"2015-06-05T04:02:39","date_gmt":"2015-06-05T07:02:39","guid":{"rendered":"http:\/\/vocesdebaires.com.ar\/wordpress\/index.php\/2015\/06\/05\/ubaldo-pato-fillol-fue-declarado-personalidad-destacada-del-deporte\/"},"modified":"2015-06-05T04:02:39","modified_gmt":"2015-06-05T07:02:39","slug":"ubaldo-pato-fillol-fue-declarado-personalidad-destacada-del-deporte","status":"publish","type":"post","link":"https:\/\/vocesdebaires.com.ar\/index.php\/2015\/06\/05\/ubaldo-pato-fillol-fue-declarado-personalidad-destacada-del-deporte\/","title":{"rendered":"Ubaldo \u00abPato\u00bb Fillol fue declarado Personalidad Destacada del Deporte"},"content":{"rendered":"<p>\u00a0<br \/>\nEl Vicepresidente 1\u00ba de la Legislatura, Cristian Ritondo, declar\u00f3 ayer jueves al ex futbolista Ubaldo Matildo \u00abPato\u00bb Fillol como Personalidad Destacada del Deporte. El acto se llev\u00f3 a cabo en el Sal\u00f3n Dorado del palacio legislativo, entre familiares, amigos e hist\u00f3ricos ex futbolistas del f\u00fatbol argentino.Ritondo, autor de la iniciativa, se\u00f1al\u00f3 que \u00abdestacar al &#8216;Pato&#8217; Fillol es distinguir a la historia misma del f\u00fatbol argentino. Pocos han sido los futbolistas que dejaron una huella tan marcada, en un puesto tan dif\u00edcil y muchas veces ingrato como el de arquero. Sin embargo, el Pato trasciende cualquier bandera de los clubes argentinos, porque nos identifica a todos\u00bb.<br \/>\nTambi\u00e9n asegur\u00f3 que \u00aba Fillol se lo considera uno de los mejores arqueros de la historia del f\u00fatbol mundial. Sus incre\u00edbles atajadas, apoyadas en sus reflejos, reacci\u00f3n y unas piernas con una fuerza impresionante hicieron de \u00e9l un pilar fundamental para obtener la Copa del Mundo de 1978\u00bb y finaliz\u00f3 \u00abidentificado con River, pero con un enorme paso por el f\u00fatbol nacional y mundial y tambi\u00e9n en el seleccionado nacional como jugador y formador, Fillol es un ejemplo para muchos j\u00f3venes que crecen con el sue\u00f1o de ser como \u00e9l\u00bb.<br \/>\nA su tiempo, Ubaldo \u00abPato\u00bb Fillol, quien ahora es Personalidad Destacada del Deporte por la ley 4775, afirm\u00f3 \u00abeste reconocimiento es hermoso y emocionante porque con estos recuerdos ustedes me dieron una foto de mi vida, porque ac\u00e1 est\u00e1n las personas que me acompa\u00f1aron siempre\u00bb y agreg\u00f3 que en su carrera como futbolista \u00abrecib\u00ed ayuda permanente desde que empec\u00e9 con el f\u00fatbol\u00bb.Fillol tambi\u00e9n asegur\u00f3 \u00aben la Legislatura se homenajean a deportistas permanentemente, que son muy j\u00f3venes y seguro estar\u00e1n agradecidos. Pero en mi caso, a esta altura de mi vida, yo lo tomo como un regalo divino\u00bb y resalt\u00f3 adem\u00e1s \u00abvoy a ser un poco ego\u00edsta, porque si bien est\u00e1 ac\u00e1 toda mi familia, voy a dedicar esta distinci\u00f3n a mi madre, que vino desde San Miguel del Monte exclusivamente para este momento\u00bb.<br \/>\nEn otro tono, Fillol afirm\u00f3 \u00abvoy a protestar un poco, como siempre lo hice, para recordar a algunos jugadores de los mundiales de 1978 y 1986 que muchas veces no son reconocidos e incluso olvidados, aunque entregaron la vida por la selecci\u00f3n. Fueron abandonados por personas que contaban dinero delante de ellos\u00bb y a eso agreg\u00f3 que \u00abdesde la pol\u00edtica se hacen cosas maravillosas, por eso si alg\u00fan referente me convoca para representar a aquellos y a todos los jugadores del f\u00fatbol argentino, lo voy a hacer encantado\u00bb. Por \u00faltimo, Fillol manifest\u00f3 \u00abse vienen cambios muy fuertes en la AFA y esperemos que nuevos dirigentes tengan buena voluntad. Ojal\u00e1 que algunos de ellos, que mancharon la pelota, como dice Maradona, pidan perd\u00f3n\u00bb.Durante el acto, Fillol recibi\u00f3 mensajes de afecto del departamento de arqueros de River Plate, del cual el \u00abPato\u00bb es Coordinador General. Tambi\u00e9n se acerc\u00f3 parte de la comisi\u00f3n directiva de Racing Club. Por \u00faltimo, el payador Facundo Ostegui, oriundo de San Miguel del Monte, lugar de nacimiento de Fillol, hizo una presentaci\u00f3n a modo de homenaje.<br \/>\nTrayectoria<br \/>\nMatildo Fillol (el Pato) es un ex-futbolista argentino, nacido en San Miguel del Monte, provincia de Buenos Aires, Argentina, el 21 de julio de 1950. Su primer equipo fue San Miguel de Monte, donde jug\u00f3 entre los a\u00f1os 1960 y 1964. Tambi\u00e9n pas\u00f3 por equipos de nivel mundial como River Plate, donde obtuvo ocho t\u00edtulos, Racing Club, con el cual conquist\u00f3 la Supercopa 1988, V\u00e9lez Sarsfield y el Atl\u00e9tico de Madrid, entre otros. Tuvo una muy destacada trayectoria en la Selecci\u00f3n Argentina, donde resalta el recordado t\u00edtulo conseguido en la Copa Mundial de F\u00fatbol de 1978, la primera obtenida por nuestro pa\u00eds y en la cual fue condecorado como el mejor arquero del mundo.<br \/>\nUna vez retirado como futbolista profesional, incursion\u00f3 como director t\u00e9cnico de Racing Club y tambi\u00e9n se desempe\u00f1\u00f3 como entrenador de arqueros en la Selecci\u00f3n Argentina en dos oportunidades y en River Plate , siendo hoy Coordinador General del Departamento de arqueros.Tambi\u00e9n estuvieron presentes importantes figuras de la historia del f\u00fatbol nacional como Roberto Perfumo, N\u00e9stor Fabbri, Miguel Colombatti, Hugo Lombardi, Jorge \u00abPipa\u00bb Higuain, Juan Carlos &#8216;Chango&#8217; C\u00e1rdenas y Hugo Leonardo \u00abPerico\u00bb P\u00e9rez. Tambi\u00e9n, el periodista deportivo Enrique Macaya M\u00e1rquez, el Intendente de San Miguel del Monte, Ra\u00fal Basualdo, el diputado de la Ciudad y Naci\u00f3n (MC), Octavio Frigerio y los diputados de la Ciudad, Jorge Garayalde, Roberto Quattromano, Agust\u00edn Forchieri (PRO), Cristina Garc\u00eda (Confianza P\u00fablica Democr\u00e1tica).<\/p>\n","protected":false},"excerpt":{"rendered":"<p>\u00a0 El Vicepresidente 1\u00ba de la Legislatura, Cristian Ritondo, declar\u00f3 ayer jueves al ex futbolista Ubaldo Matildo \u00abPato\u00bb Fillol como Personalidad Destacada del Deporte. El acto se llev\u00f3 a cabo en el Sal\u00f3n Dorado del palacio legislativo, entre familiares, amigos e hist\u00f3ricos ex futbolistas del f\u00fatbol argentino.Ritondo, autor de la iniciativa, se\u00f1al\u00f3 que \u00abdestacar al [&hellip;]<\/p>\n","protected":false},"author":2,"featured_media":29439,"comment_status":"open","ping_status":"open","sticky":false,"template":"","format":"standard","meta":{"_et_pb_use_builder":"","_et_pb_old_content":"","_et_gb_content_width":"","footnotes":""},"categories":[39,14],"tags":[],"class_list":["post-29438","post","type-post","status-publish","format-standard","has-post-thumbnail","hentry","category-1o-division-a","category-deportes"],"_links":{"self":[{"href":"https:\/\/vocesdebaires.com.ar\/index.php\/wp-json\/wp\/v2\/posts\/29438"}],"collection":[{"href":"https:\/\/vocesdebaires.com.ar\/index.php\/wp-json\/wp\/v2\/posts"}],"about":[{"href":"https:\/\/vocesdebaires.com.ar\/index.php\/wp-json\/wp\/v2\/types\/post"}],"author":[{"embeddable":true,"href":"https:\/\/vocesdebaires.com.ar\/index.php\/wp-json\/wp\/v2\/users\/2"}],"replies":[{"embeddable":true,"href":"https:\/\/vocesdebaires.com.ar\/index.php\/wp-json\/wp\/v2\/comments?post=29438"}],"version-history":[{"count":0,"href":"https:\/\/vocesdebaires.com.ar\/index.php\/wp-json\/wp\/v2\/posts\/29438\/revisions"}],"wp:featuredmedia":[{"embeddable":true,"href":"https:\/\/vocesdebaires.com.ar\/index.php\/wp-json\/wp\/v2\/media\/29439"}],"wp:attachment":[{"href":"https:\/\/vocesdebaires.com.ar\/index.php\/wp-json\/wp\/v2\/media?parent=29438"}],"wp:term":[{"taxonomy":"category","embeddable":true,"href":"https:\/\/vocesdebaires.com.ar\/index.php\/wp-json\/wp\/v2\/categories?post=29438"},{"taxonomy":"post_tag","embeddable":true,"href":"https:\/\/vocesdebaires.com.ar\/index.php\/wp-json\/wp\/v2\/tags?post=29438"}],"curies":[{"name":"wp","href":"https:\/\/api.w.org\/{rel}","templated":true}]}}