{"id":29502,"date":"2015-06-11T13:46:58","date_gmt":"2015-06-11T16:46:58","guid":{"rendered":"http:\/\/vocesdebaires.com.ar\/wordpress\/index.php\/2015\/06\/11\/personalidad-destacada-cavenaghi-distinguido-en-deporte\/"},"modified":"2015-06-11T13:46:58","modified_gmt":"2015-06-11T16:46:58","slug":"personalidad-destacada-cavenaghi-distinguido-en-deporte","status":"publish","type":"post","link":"https:\/\/vocesdebaires.com.ar\/index.php\/2015\/06\/11\/personalidad-destacada-cavenaghi-distinguido-en-deporte\/","title":{"rendered":"Personalidad Destacada: Cavenaghi, distinguido en Deporte"},"content":{"rendered":"<p>\u00a0<br \/>\nEl futbolista Fernando Ezequiel Cavenaghi fue distinguido como Personalidad Destacada del Deporte por iniciativa del diputado Jos\u00e9 Luis Acevedo (PRO). El Vicepresidente I de la Legislatura, diputado Cristian Ritondo (PRO), presenci\u00f3 el evento y comparti\u00f3 palabras en reconocimiento a la trayectoria del jugador del Club Atl\u00e9tico River Plate.\u00bbCuando reconocemos a una personalidad del deporte o de la cultura tratamos de que coincidan dos valores: lo deportivo y lo humano, y Fernando cumple con ambas. Haber vuelto al club que lo form\u00f3 cuando m\u00e1s lo necesitaban lo consagra como un grande\u00bb, asegur\u00f3 en la apertura Ritondo.<br \/>\nLuego de recibir el diploma, Cavenaghi asegur\u00f3 emocionado: \u00abEmpec\u00e9 jugando al f\u00fatbol a los 12 a\u00f1os y hoy agradezco a Dios por todo lo que viv\u00ed. En River crec\u00ed no solo en lo deportivo, sino tambi\u00e9n como persona ya que ah\u00ed adquir\u00ed muchos valores. Este es un reconocimiento muy lindo que voy a valorar hasta el \u00faltimo d\u00eda de mi vida\u00bb.Por su parte, Acevedo se\u00f1al\u00f3 que \u00abeste es un reconocimiento a la trayectoria de un jugador que se ha destacado en su vida profesional, que desde ni\u00f1o se aboc\u00f3 al deporte, y que no ha escatimado esfuerzos en su trabajo\u00bb. A lo que agreg\u00f3 emocionado: \u00abSos un hombre de valores, tenes un compromiso solidario muy importante y gracias a eso le est\u00e1s cambiando la vida a muchos chicos. Sos un \u00eddolo viviente para River, el capit\u00e1n del retorno\u00bb.<br \/>\nEn el sal\u00f3n \u00abSan Mart\u00edn\u00bb estuvieron presentes los diputados porte\u00f1os Agust\u00edn Forchieri, Jorge Garayalde y Christian Bauab (PRO), el ex jugador Enzo Francescoli, parte de la comisi\u00f3n directiva del Club Atl\u00e9tico River Plate, funcionarios del gobierno, familiares y amigos adem\u00e1s de numerosos simpatizantes.<br \/>\nTrayectoria futbol\u00edstica<br \/>\nFernando Ezequiel Cavenaghi naci\u00f3 el 21 de septiembre de 1983 en Gral. OBrien, provincia de Buenos Aires. Desde muy temprana edad manifest\u00f3 su vocaci\u00f3n deportiva y su preferencia por River Plate, club en el que se inici\u00f3 en el f\u00fatbol profesional. Ya en primera divisi\u00f3n,con 18 a\u00f1os y en su primera temporada completa anot\u00f3 17 goles en 23 partidos. En 2002 se proclamaba junto a sus compa\u00f1eros, campe\u00f3n de Primera Divisi\u00f3n, y tambi\u00e9n se consagraba como goleador del torneo, con 15 tantos convertidos. En 2003 River vuelve a salir campe\u00f3n y Cavenaghi es el m\u00e1ximo goleador de su equipo.<br \/>\nJug\u00f3 en categor\u00edas juveniles con la Selecci\u00f3n Argentina. Particip\u00f3 en el Campeonato Sudamericano Sub-20 de 2003 en enero de ese a\u00f1o, consagr\u00e1ndose campe\u00f3n y goleador.Particip\u00f3 de la Copa Mundial de F\u00fatbol Juvenil en 2003 siendo el m\u00e1ximo goleador de la competici\u00f3n.<br \/>\nA nivel internacional, se desempe\u00f1\u00f3 en el club ruso Spartak de Mosc\u00fa,donde disput\u00f3 63 partidos y anot\u00f3 17 goles, incluyendo un encuentro de la UEFA Champions League en la primera temporada. A principios del 2007 firm\u00f3 para el Girondins de Bordeaux, por 4 a\u00f1os y medio donde sus goles en su primera temporada le permitieron ser subcampe\u00f3n. En el 2010 pas\u00f3 por el RCD Mallorca de la liga de Espa\u00f1a. En enero del 2011, el Internacional de Porto Alegre contrat\u00f3 a pr\u00e9stamo por un a\u00f1o a Cavenaghi. En julio de 2011 rescindi\u00f3 contrato con Internacional de Porto Alegre para pasar al club en el que debut\u00f3, River Plate, con el que cumple su objetivo de jugar para que volviera a primera divisi\u00f3n. En agosto de 2012, despu\u00e9s de quedar libre de River Plate, ficha por un a\u00f1o en el Villarreal CF. El 30 de enero de 2013 Fernando Cavenaghi se convirti\u00f3 en refuerzo del Pachuca para el Clausura 2013, equipo con el que no renueva, y queda libre, porque quer\u00eda regresar a River Plate para retirarse en esta instituci\u00f3n. El 2 de enero de 2014 se confirma el acuerdo, de esta manera sella su retorno a River Plate por tercera oportunidad.<br \/>\n\u00a0<br \/>\nFoto: El futbolista Fernando Cavenaghi recibi\u00f3 el diploma de Personalidad Destacada del Deporte<\/p>\n","protected":false},"excerpt":{"rendered":"<p>\u00a0 El futbolista Fernando Ezequiel Cavenaghi fue distinguido como Personalidad Destacada del Deporte por iniciativa del diputado Jos\u00e9 Luis Acevedo (PRO). El Vicepresidente I de la Legislatura, diputado Cristian Ritondo (PRO), presenci\u00f3 el evento y comparti\u00f3 palabras en reconocimiento a la trayectoria del jugador del Club Atl\u00e9tico River Plate.\u00bbCuando reconocemos a una personalidad del deporte [&hellip;]<\/p>\n","protected":false},"author":2,"featured_media":29503,"comment_status":"open","ping_status":"open","sticky":false,"template":"","format":"standard","meta":{"_et_pb_use_builder":"","_et_pb_old_content":"","_et_gb_content_width":"","footnotes":""},"categories":[39,14],"tags":[],"class_list":["post-29502","post","type-post","status-publish","format-standard","has-post-thumbnail","hentry","category-1o-division-a","category-deportes"],"_links":{"self":[{"href":"https:\/\/vocesdebaires.com.ar\/index.php\/wp-json\/wp\/v2\/posts\/29502"}],"collection":[{"href":"https:\/\/vocesdebaires.com.ar\/index.php\/wp-json\/wp\/v2\/posts"}],"about":[{"href":"https:\/\/vocesdebaires.com.ar\/index.php\/wp-json\/wp\/v2\/types\/post"}],"author":[{"embeddable":true,"href":"https:\/\/vocesdebaires.com.ar\/index.php\/wp-json\/wp\/v2\/users\/2"}],"replies":[{"embeddable":true,"href":"https:\/\/vocesdebaires.com.ar\/index.php\/wp-json\/wp\/v2\/comments?post=29502"}],"version-history":[{"count":0,"href":"https:\/\/vocesdebaires.com.ar\/index.php\/wp-json\/wp\/v2\/posts\/29502\/revisions"}],"wp:featuredmedia":[{"embeddable":true,"href":"https:\/\/vocesdebaires.com.ar\/index.php\/wp-json\/wp\/v2\/media\/29503"}],"wp:attachment":[{"href":"https:\/\/vocesdebaires.com.ar\/index.php\/wp-json\/wp\/v2\/media?parent=29502"}],"wp:term":[{"taxonomy":"category","embeddable":true,"href":"https:\/\/vocesdebaires.com.ar\/index.php\/wp-json\/wp\/v2\/categories?post=29502"},{"taxonomy":"post_tag","embeddable":true,"href":"https:\/\/vocesdebaires.com.ar\/index.php\/wp-json\/wp\/v2\/tags?post=29502"}],"curies":[{"name":"wp","href":"https:\/\/api.w.org\/{rel}","templated":true}]}}