{"id":2966,"date":"2019-08-02T03:00:00","date_gmt":"2019-08-02T06:00:00","guid":{"rendered":"http:\/\/vocesdebaires.com.ar\/wordpress\/index.php\/2019\/08\/02\/plazas-y-parques-no-se-podra-fumar\/"},"modified":"2019-08-02T03:00:00","modified_gmt":"2019-08-02T06:00:00","slug":"plazas-y-parques-no-se-podra-fumar","status":"publish","type":"post","link":"https:\/\/vocesdebaires.com.ar\/index.php\/2019\/08\/02\/plazas-y-parques-no-se-podra-fumar\/","title":{"rendered":"Plazas y parques no se podr\u00e1 fumar"},"content":{"rendered":"<p>La Legislatura sancion\u00f3 hoy una ley que proh\u00edbe fumar en los patios de juegos existentes en parques y plazas de la Ciudad Aut\u00f3noma de Buenos Aires sobre un texto despachado por las comisiones de Salud y de Protecci\u00f3n y Uso del Espacio P\u00fablico con modificaciones de \u00faltimo momento que logr\u00f3 49 votos afirmativos sobre un total de 53 legisladores presentes en el Recinto de Sesiones.El proyecto tratado se origin\u00f3 en el a\u00f1o 2018, con la autor\u00eda del\u00a0legislador \u00a0Guillermo Gonz\u00e1lez Heredia y la coautor\u00eda de Eduardo Petrini y Eduardo Santamarina del bloque Vamos Juntos, mediante el cual se solicitaba la creaci\u00f3n de una &quot;franja de amortiguaci\u00f3n&quot; entre el sector de juegos infantiles en plazas y parques y el resto de esos espacios p\u00fablicos y abiertos, para impedir que los humos contaminantes lleguen con su toxicidad al lugar donde juegan los menores.<\/p>\n<p>Tras pasar por las comisiones legislativas asesoras el texto de la ley sancionada este jueves qued\u00f3 simplificado y su segundo art\u00edculo determina taxativamente: &quot;Proh\u00edbese fumar dentro de los patios de juego presentes en plazas y parques de la Ciudad de Buenos Aires&quot;. En tanto, el art\u00edculo primero define el &quot;objeto&quot; de la norma: &quot;Mejorar la calidad del aire circundante a los patios de juegos existentes parques y plazas de la Ciudad, mejorando el disfrute del espacio p\u00fablico y reduciendo los riesgos a la salud de los ni\u00f1os y ni\u00f1as que utilizan las instalaciones de los patios de juegos&quot;.<\/p>\n<p>La autoridad de aplicaci\u00f3n ser\u00e1 la que designe el Poder Ejecutivo. Adem\u00e1s el Ministerio de Salud &quot;tendr\u00e1 a su cargo el desarrollo de campa\u00f1as de concientizaci\u00f3n y educaci\u00f3n en coordinaci\u00f3n con el Programa de Prevenci\u00f3n y Control del Tabaquismo y las campa\u00f1as de orientaci\u00f3n y educaci\u00f3n sobre normas b\u00e1sicas de convivencia en espacios p\u00fablicos a cargo del cuerpo de Guardaparques del Sistema de Seguridad P\u00fablica de la Ciudad&quot;.<\/p>\n<p>El quinto y \u00faltimo art\u00edculo de la norma prescribe que &quot;El incumplimiento a la presente ley ser\u00e1 sancionado de conformidad con lo previsto en el Art\u00edculo 54 del Cap\u00edtulo I, T\u00edtulo I, Libro II, del Anexo A de la Ley N\u00b0 1.472 del C\u00f3digo Contravencional de la Ciudad Aut\u00f3noma de Buenos Aires&quot;. En virtud de esto se podr\u00e1n disponer multas y arrestos por &quot;colocar o arrojar sustancias insalubres o cosas da\u00f1inas en lugares p\u00fablicos\u00a0 La sanci\u00f3n se eleva al doble cuando la conducta se realiza en espacios donde concurren ni\u00f1os\/as.&quot;.<\/p>\n<p>Al respecto, desde la oposici\u00f3n los\u00a0 legisladores\u00a0 Mar\u00eda Rosa Mui\u00f1os (BP), Gabriel Solano (FIT), Sergio Abrevaya (Gen), Leandro Halper\u00edn (Ev), Marcelo Depierro\u00a0 y Laura Marrone (Izquierda Socialista) coincidieron en cuestionar por un lado el car\u00e1cter recaudatorio, dado que las multas oscilar\u00e1n entre 600 a 15.000 pesos; y adem\u00e1s objetaron por otra parte, el car\u00e1cter punitivo ya que la justicia contravencional podr\u00e1 aplicar arrestos de entre tres a sesenta d\u00edas.<\/p>\n<p>Ante estos argumentos el diputado Gonz\u00e1lez Heredia respondi\u00f3 que regir\u00e1 la sana cr\u00edtica racional contenida en el art\u00edculo 26\u00b0 del C\u00f3digo Contravencional en vigencia, por lo que se neg\u00f3 a modificar el texto del art\u00edculo. Finalmente, la votaci\u00f3n en general fue de 49 positivos; dos negativos de los legisladores Marrone (IS) y Gabriel Solano (FIT); y dos abstenciones de AyL. En tanto el art\u00edculo 5\u00b0 en particular fue aprobado con 32 votos afirmativos, 16 negativos (UC, BP, MC, Gen, AyL, FIT, Izq.) y 5 abstenciones del bloque Evoluci\u00f3n.<\/p>\n","protected":false},"excerpt":{"rendered":"<p>La Legislatura sancion\u00f3 hoy una ley que proh\u00edbe fumar en los patios de juegos existentes en parques y plazas de la Ciudad Aut\u00f3noma de Buenos Aires sobre un texto despachado por las comisiones de Salud y de Protecci\u00f3n y Uso del Espacio P\u00fablico con modificaciones de \u00faltimo momento que logr\u00f3 49 votos afirmativos sobre un [&hellip;]<\/p>\n","protected":false},"author":1,"featured_media":2967,"comment_status":"open","ping_status":"open","sticky":false,"template":"","format":"standard","meta":{"_et_pb_use_builder":"","_et_pb_old_content":"","_et_gb_content_width":"","footnotes":""},"categories":[11,32],"tags":[],"class_list":["post-2966","post","type-post","status-publish","format-standard","has-post-thumbnail","hentry","category-ciudad","category-comunas"],"_links":{"self":[{"href":"https:\/\/vocesdebaires.com.ar\/index.php\/wp-json\/wp\/v2\/posts\/2966"}],"collection":[{"href":"https:\/\/vocesdebaires.com.ar\/index.php\/wp-json\/wp\/v2\/posts"}],"about":[{"href":"https:\/\/vocesdebaires.com.ar\/index.php\/wp-json\/wp\/v2\/types\/post"}],"author":[{"embeddable":true,"href":"https:\/\/vocesdebaires.com.ar\/index.php\/wp-json\/wp\/v2\/users\/1"}],"replies":[{"embeddable":true,"href":"https:\/\/vocesdebaires.com.ar\/index.php\/wp-json\/wp\/v2\/comments?post=2966"}],"version-history":[{"count":0,"href":"https:\/\/vocesdebaires.com.ar\/index.php\/wp-json\/wp\/v2\/posts\/2966\/revisions"}],"wp:featuredmedia":[{"embeddable":true,"href":"https:\/\/vocesdebaires.com.ar\/index.php\/wp-json\/wp\/v2\/media\/2967"}],"wp:attachment":[{"href":"https:\/\/vocesdebaires.com.ar\/index.php\/wp-json\/wp\/v2\/media?parent=2966"}],"wp:term":[{"taxonomy":"category","embeddable":true,"href":"https:\/\/vocesdebaires.com.ar\/index.php\/wp-json\/wp\/v2\/categories?post=2966"},{"taxonomy":"post_tag","embeddable":true,"href":"https:\/\/vocesdebaires.com.ar\/index.php\/wp-json\/wp\/v2\/tags?post=2966"}],"curies":[{"name":"wp","href":"https:\/\/api.w.org\/{rel}","templated":true}]}}