{"id":29691,"date":"2015-06-27T03:47:25","date_gmt":"2015-06-27T06:47:25","guid":{"rendered":"http:\/\/vocesdebaires.com.ar\/wordpress\/index.php\/2015\/06\/27\/argentina-corto-la-sequia-en-los-penales\/"},"modified":"2015-06-27T03:47:25","modified_gmt":"2015-06-27T06:47:25","slug":"argentina-corto-la-sequia-en-los-penales","status":"publish","type":"post","link":"https:\/\/vocesdebaires.com.ar\/index.php\/2015\/06\/27\/argentina-corto-la-sequia-en-los-penales\/","title":{"rendered":"Argentina cort\u00f3 la sequ\u00eda en los penales"},"content":{"rendered":"<p>\u00a0<br \/>\nArgentina sab\u00eda que deb\u00eda levantar su nivel para so\u00f1ar en grande. Despu\u00e9s de una primera fase con un juego poco vistoso, la Selecci\u00f3n Argentina enfrent\u00f3 a Colombia por los cuartos de final de la Copa Am\u00e9rica y pudo plasmar en la cancha todo su potencial. Con Messi como estandarte, el equipo de Martino fue muy superior a su rival, pero no pudo quebrar el cero y tuvo que esperar hasta los penales para festejar. En los doce pasos, Tevez defini\u00f3 la serie por 5-4 y la Albiceleste se meti\u00f3 entre los cuatro mejores del certamen que no se gana desde 1991.<br \/>\nEl equipo nacional, que sali\u00f3 a la cancha con un brazalete negro debido a la reciente muerte del padre de Diego Maradona, fue el dominador de juego de principio a fin. Pero en los noventa minutos no pudo acertar en la puntada final y se top\u00f3 con un arquero que sac\u00f3 todo.La m\u00e1s clara ocurri\u00f3 a los 26 minutos. Pastore desbord\u00f3 por derecha y envi\u00f3 un buscapi\u00e9 que encontr\u00f3 el bot\u00edn de Sergio Ag\u00fcero. El Kun anticip\u00f3 su marca y defini\u00f3 con un toque r\u00e1pido que lleg\u00f3 a tapar Ospina con su pie izquierdo. El rebote le qued\u00f3 a Messi, quien cabece\u00f3 al gol pero el 1 tuvo una r\u00e1pida reacci\u00f3n y envi\u00f3 la pelota al c\u00f3rner.<br \/>\nLa Pulga se mostr\u00f3 mucho m\u00e1s activo en relaci\u00f3n a partidos anteriores y fue el gran cerebro del conjunto nacional. Los cafeteros, por su parte, nunca pudieron atacar. La estad\u00edstica de la primera etapa arroj\u00f3 diez disparos de Argentina (seis al arco) y ninguno de Colombia. Adem\u00e1s, el equipo de Pekerman se dedic\u00f3 a cortar con infracciones la gran mayor\u00eda de los ataques argentinos. Tan evidente era el desacople que el DT puso a un mediocampista (Cardona) por un delantero (Teo Guti\u00e9rrez).<br \/>\nEn el complemento, Colombia intent\u00f3 salir m\u00e1s al ataque pero Argentina sigui\u00f3 demostrando superioridad en el campo. El Tata, en tanto, volvi\u00f3 a tardar en realizar los cambios: Tevez por Ag\u00fcero (27\u2019), Banega por Pastore (31\u2019) y Lavezzi Di Mar\u00eda (41\u2019).Un disparo en el travesa\u00f1o de Banega, un cabezazo de Otamendi en el palo y una salvada de un defensor en la l\u00ednea, tras una corrida de Carlitos, fueron las aproximaciones m\u00e1s claras. Pero la sequ\u00eda sigui\u00f3 y hubo que llegar a los penales.<br \/>\nEn esa instancia, Argentina hizo justicia. Comenz\u00f3 con efectividad perfecta (Messi, Garay, Banega), mientras que Colombia tambi\u00e9n hizo lo propio (James Rodr\u00edguez, Falcao, Cuadradro). En el cuarto para los de Pekerman, Muriel la mand\u00f3 por arriba. Lavezzi y Cardona no fallaron, lo que dej\u00f3 la chance de triunfo en los pies de Biglia. Pero el mediocampista de Lazio dispar\u00f3 afuera, contra el palo izquierdo. En la primera tanda del mano a mano, Romero se lo tap\u00f3 a Z\u00fa\u00f1iga y Rojo la mand\u00f3 por encima del travesa\u00f1o. Lleg\u00f3 el turno de Murillo, quien remat\u00f3 alto y apareci\u00f3 Tevez para sacarse la espina clavada desde la Copa Am\u00e9rica 2011. El Apache defini\u00f3 al medio y Argentina accedi\u00f3 a las semifinales, donde el martes se medir\u00e1 con el ganador de Brasil-Paraguay.<br \/>\nChile parece ser un pa\u00eds que pinta bien para enfrentar a Colombia. Las dos veces que la Selecci\u00f3n enfrent\u00f3 a los cafeteros se fue con una victoria, ambas en el estadio Nacional de Santiago (9-1 en 1945 y 2-1 en 1991). \u00a1Y en las dos termin\u00f3 celebrando el t\u00edtulo!. \u00bfSe repetir\u00e1 la historia? So\u00f1ar no cuesta nada\u2026<\/p>\n","protected":false},"excerpt":{"rendered":"<p>\u00a0 Argentina sab\u00eda que deb\u00eda levantar su nivel para so\u00f1ar en grande. Despu\u00e9s de una primera fase con un juego poco vistoso, la Selecci\u00f3n Argentina enfrent\u00f3 a Colombia por los cuartos de final de la Copa Am\u00e9rica y pudo plasmar en la cancha todo su potencial. Con Messi como estandarte, el equipo de Martino fue [&hellip;]<\/p>\n","protected":false},"author":2,"featured_media":29692,"comment_status":"open","ping_status":"open","sticky":false,"template":"","format":"standard","meta":{"_et_pb_use_builder":"","_et_pb_old_content":"","_et_gb_content_width":"","footnotes":""},"categories":[14,49],"tags":[],"class_list":["post-29691","post","type-post","status-publish","format-standard","has-post-thumbnail","hentry","category-deportes","category-seleccion-argentina-2"],"_links":{"self":[{"href":"https:\/\/vocesdebaires.com.ar\/index.php\/wp-json\/wp\/v2\/posts\/29691"}],"collection":[{"href":"https:\/\/vocesdebaires.com.ar\/index.php\/wp-json\/wp\/v2\/posts"}],"about":[{"href":"https:\/\/vocesdebaires.com.ar\/index.php\/wp-json\/wp\/v2\/types\/post"}],"author":[{"embeddable":true,"href":"https:\/\/vocesdebaires.com.ar\/index.php\/wp-json\/wp\/v2\/users\/2"}],"replies":[{"embeddable":true,"href":"https:\/\/vocesdebaires.com.ar\/index.php\/wp-json\/wp\/v2\/comments?post=29691"}],"version-history":[{"count":0,"href":"https:\/\/vocesdebaires.com.ar\/index.php\/wp-json\/wp\/v2\/posts\/29691\/revisions"}],"wp:featuredmedia":[{"embeddable":true,"href":"https:\/\/vocesdebaires.com.ar\/index.php\/wp-json\/wp\/v2\/media\/29692"}],"wp:attachment":[{"href":"https:\/\/vocesdebaires.com.ar\/index.php\/wp-json\/wp\/v2\/media?parent=29691"}],"wp:term":[{"taxonomy":"category","embeddable":true,"href":"https:\/\/vocesdebaires.com.ar\/index.php\/wp-json\/wp\/v2\/categories?post=29691"},{"taxonomy":"post_tag","embeddable":true,"href":"https:\/\/vocesdebaires.com.ar\/index.php\/wp-json\/wp\/v2\/tags?post=29691"}],"curies":[{"name":"wp","href":"https:\/\/api.w.org\/{rel}","templated":true}]}}