{"id":2970,"date":"2019-08-02T03:00:00","date_gmt":"2019-08-02T06:00:00","guid":{"rendered":"http:\/\/vocesdebaires.com.ar\/wordpress\/index.php\/2019\/08\/02\/ciudad-cine-gratuito-por-los-barrios\/"},"modified":"2019-08-02T03:00:00","modified_gmt":"2019-08-02T06:00:00","slug":"ciudad-cine-gratuito-por-los-barrios","status":"publish","type":"post","link":"https:\/\/vocesdebaires.com.ar\/index.php\/2019\/08\/02\/ciudad-cine-gratuito-por-los-barrios\/","title":{"rendered":"Ciudad: Cine gratuito por los barrios"},"content":{"rendered":"<p>El cine se expande en los barrios. Cuatro pel\u00edculas que se realizaron a trav\u00e9s del Ciclo de Cine de Mecenazgo del Ministerio de Cultura se podr\u00e1n ver en forma gratuita en diferentes espacios y bibliotecas p\u00fablicas, como alternativa al circuito comercial masivo. En total, ser\u00e1n 17 las funciones en los siguientes lugares: Casa de la Lectura (Villa Crespo), Centro Cultural 25 de Mayo (Villa Urquiza), Centro Cultural Recoleta (Recoleta), Carlos Gardel (Chacarita) y Ad\u00e1n Buenosayres (Parque Chacabuco). Todos ellos recientemente puestos en valor para ofrecerle a los vecinos no s\u00f3lo una excelente programaci\u00f3n sino la mejor calidad en imagen y sonido. Las cuatro pel\u00edculas que rotar\u00e1n por los barrios durante el mes de agosto son: Barrefondo, Una especie de familia, La familia Chechena y Tigre.<\/p>\n<p>Interpretada por Nahuel Viale, Sergio Boris, Mar\u00eda Soldi, Claudio Da Passano, Osqui Guzm\u00e1n y Adri\u00e1n Fondari, cuenta la historia de Tavo un piletero del conurbano bonaerense.Sus agobiantes y rutinarios d\u00edas de verano, limpiando piletas de quintas y countries, son interrumpidos por la oferta del Pejerrey y su banda. A cambio de dinero, debe entregar informaci\u00f3n de las casas en las que trabaja, para que ellos las puedan robar con mayor facilidad.Las dudas iniciales de Tavo por entrar al negocio van desapareciendo ante la posibilidad de mejorar su situaci\u00f3n econ\u00f3mica y familiar.<\/p>\n<p>D\u00edas y horarios:<br \/>Lunes 5, a las 20:30, en el CC 25 de Mayo (Av. Triunvirato 4444, Villa Urquiza).<br \/>Mi\u00e9rcoles 14, a las 18, en el EC Ad\u00e1n Buenosayres (Av. Asamblea 1200, Parque Chacabuco).<br \/>Mi\u00e9rcoles 21, a las 20:30, en el EC Carlos Gardel (Olleros 3640, Chacarita).<br \/>Martes 27, a las 20, en el CC Recoleta (Jun\u00edn 1930, Recoleta).<\/p>\n<p>Una especie de familia, de Diego Lerman<br \/>Protagonizada por B\u00e1rbara Lennie, Daniel Araoz, Claudio Tolcachir, Yanina \u00c1vila y Paula Cohen relata la historia de Malena, una m\u00e9dica de clase media de Buenos Aires. Una tarde recibe el llamado del Doctor Costas, qui\u00e9n le informa que debe viajar inmediatamente al norte del pa\u00eds: el beb\u00e9 que ella estaba esperando est\u00e1 por nacer. De manera s\u00fabita y casi sin pensarlo Malena decide emprender un viaje incierto, lleno de encrucijadas, en el que deber\u00e1 enfrentarse a todo tipo de obst\u00e1culos legales y morales que la har\u00e1n preguntarse constantemente qu\u00e9 l\u00edmites est\u00e1 dispuesta a cruzar para conseguir aquello que m\u00e1s desea.<\/p>\n<p>D\u00edas y horarios:<br \/>Martes 6, a las 20, en el CC Recoleta (Jun\u00edn 1930, Recoleta).<br \/>Domingo 11, a las 17, en la Casa de la Lectura (Lavalleja 924, Villa Crespo).<br \/>Mi\u00e9rcoles 14, a las 20:30, en el EC Carlos Gardel (Olleros 3640, Chacarita).<br \/>Lunes 19, a las 20:30, en el CC 25 de Mayo (Av. Triunvirato 4444, Villa Urquiza).<br \/>Mi\u00e9rcoles 28, a las 18, en el EC Ad\u00e1n Buenosayres (Av. Asamblea 1200, Parque Chacabuco).<\/p>\n<p>La familia chechena, de Mart\u00edn Sol\u00e1<br \/>Nos relata las vivencias de Abubakar que tiene 46 a\u00f1os y participa de las Zikr, danza rituales que hacen los musulmanes suf\u00eds chechenos. En cada Zikr se llega al \u00e9xtasis y para Abubakar es un exorcismo, una liberaci\u00f3n de todo lo que ha padecido este pueblo en tantos a\u00f1os de ocupaci\u00f3n.La presencia de su madre, su mujer y de sus nueve hijos genera que aparezcan fantasmas del pasado y el presente: historias de la deportaci\u00f3n de 1948, las hijas bajo el peligro de los secuestros, la ciudad de Grozny en la actualidad, luces, sonidos, paisajes, rostros ocultos detr\u00e1s de gastados muros, permiten que se corporice la memoria y se mezcle con la realidad. Es el reencuentro cotidiano que un checheno hace con dos pilares de su sociedad, la fe y la cultura, encarnadas en las Zikr en donde se mezclan lo sagrado con lo profano. Abubakar define como un acto de resistencia donde se re\u00fanen con sus muertos y sus dolores a trav\u00e9s de la danza, la m\u00fasica y la oraci\u00f3n.<\/p>\n<p>D\u00edas y horarios:<br \/>Mi\u00e9rcoles 7, a las 20:30, en el EC Carlos Gardel (Olleros 3640, Chacarita).<br \/>Martes 13, a las 20, en el CC Recoleta (Jun\u00edn 1930, Recoleta).<br \/>Domingo 18, a las 17, en la Casa de la Lectura (Lavalleja 924, Villa Crespo).<br \/>Mi\u00e9rcoles 21, a las 18, en el EC Ad\u00e1n Buenosayres (Av. Asamblea 1200, Parque Chacabuco).<\/p>\n<p>Tigre, de Silvina Schnicer y Ulises Porra Guardiola<br \/>Protagonizada por Maril\u00fa Marini, Mar\u00eda Ucedo, Agust\u00edn Rittano, Lorena Vega relata la historia de una mujer que visita su casa en una isla del delta del Tigre en un intento por volver a conectarse con su hijo, pero descubre que el regreso y la reconciliaci\u00f3n nunca son f\u00e1ciles.<\/p>\n<p>D\u00edas y horarios:<br \/>Mi\u00e9rcoles 7, a las 18, en el EC Ad\u00e1n Buenosayres (Av. Asamblea 1200, Parque Chacabuco).<br \/>Lunes 12, a las 20:30, en el CC 25 de Mayo (Av. Triunvirato 4444, Villa Urquiza).<br \/>Martes 20, a las 20, en el CC Recoleta (Jun\u00edn 1930, Recoleta).<br \/>Mi\u00e9rcoles 28, a las 20:30, en el EC Carlos Gardel (Olleros 3640, Chacarita).<\/p>\n","protected":false},"excerpt":{"rendered":"<p>El cine se expande en los barrios. Cuatro pel\u00edculas que se realizaron a trav\u00e9s del Ciclo de Cine de Mecenazgo del Ministerio de Cultura se podr\u00e1n ver en forma gratuita en diferentes espacios y bibliotecas p\u00fablicas, como alternativa al circuito comercial masivo. En total, ser\u00e1n 17 las funciones en los siguientes lugares: Casa de la [&hellip;]<\/p>\n","protected":false},"author":1,"featured_media":2971,"comment_status":"open","ping_status":"open","sticky":false,"template":"","format":"standard","meta":{"_et_pb_use_builder":"","_et_pb_old_content":"","_et_gb_content_width":"","footnotes":""},"categories":[11,32],"tags":[],"class_list":["post-2970","post","type-post","status-publish","format-standard","has-post-thumbnail","hentry","category-ciudad","category-comunas"],"_links":{"self":[{"href":"https:\/\/vocesdebaires.com.ar\/index.php\/wp-json\/wp\/v2\/posts\/2970"}],"collection":[{"href":"https:\/\/vocesdebaires.com.ar\/index.php\/wp-json\/wp\/v2\/posts"}],"about":[{"href":"https:\/\/vocesdebaires.com.ar\/index.php\/wp-json\/wp\/v2\/types\/post"}],"author":[{"embeddable":true,"href":"https:\/\/vocesdebaires.com.ar\/index.php\/wp-json\/wp\/v2\/users\/1"}],"replies":[{"embeddable":true,"href":"https:\/\/vocesdebaires.com.ar\/index.php\/wp-json\/wp\/v2\/comments?post=2970"}],"version-history":[{"count":0,"href":"https:\/\/vocesdebaires.com.ar\/index.php\/wp-json\/wp\/v2\/posts\/2970\/revisions"}],"wp:featuredmedia":[{"embeddable":true,"href":"https:\/\/vocesdebaires.com.ar\/index.php\/wp-json\/wp\/v2\/media\/2971"}],"wp:attachment":[{"href":"https:\/\/vocesdebaires.com.ar\/index.php\/wp-json\/wp\/v2\/media?parent=2970"}],"wp:term":[{"taxonomy":"category","embeddable":true,"href":"https:\/\/vocesdebaires.com.ar\/index.php\/wp-json\/wp\/v2\/categories?post=2970"},{"taxonomy":"post_tag","embeddable":true,"href":"https:\/\/vocesdebaires.com.ar\/index.php\/wp-json\/wp\/v2\/tags?post=2970"}],"curies":[{"name":"wp","href":"https:\/\/api.w.org\/{rel}","templated":true}]}}