{"id":2972,"date":"2019-08-02T03:00:00","date_gmt":"2019-08-02T06:00:00","guid":{"rendered":"http:\/\/vocesdebaires.com.ar\/wordpress\/index.php\/2019\/08\/02\/a-40-anos-de-un-logro-juvenil-en-el-futbol-mundial\/"},"modified":"2019-08-02T03:00:00","modified_gmt":"2019-08-02T06:00:00","slug":"a-40-anos-de-un-logro-juvenil-en-el-futbol-mundial","status":"publish","type":"post","link":"https:\/\/vocesdebaires.com.ar\/index.php\/2019\/08\/02\/a-40-anos-de-un-logro-juvenil-en-el-futbol-mundial\/","title":{"rendered":"A 40 a\u00f1os de un logro juvenil en el futbol mundial"},"content":{"rendered":"<p>El Cuerpo Parlamentario de la Ciudad de Buenos Aires se acord\u00f3\u00a0 ayer\u00a0 conmemorar el 40\u00b0 aniversario de la obtenci\u00f3n por parte de la selecci\u00f3n argentina del t\u00edtulo de Campe\u00f3n en el Mundial de F\u00fatbol Juvenil celebrado en Jap\u00f3n en 1979.Como se recordar\u00e1, el 7 de septiembre de 1979 se jug\u00f3 en Tokio, la capital japonesa, la final del 2\u00ba Campeonato Mundial Juvenil. En esa oportunidad, la Selecci\u00f3n Argentina enfrent\u00f3 a la Uni\u00f3n de Rep\u00fablicas Socialistas Sovi\u00e9ticas obteniendo un contundente triunfo por 3 a 1. El plantel que alcanz\u00f3 ese importante logro estaba integrado por jugadores de variados or\u00edgenes geogr\u00e1ficos y de diferentes clubes. Ellos eran: Sergio Garc\u00eda, Rafael Seria, Juan Sim\u00f3n, Hugo Alves,<\/p>\n<p>Abelardo Carabelli, Rub\u00e9n Rossi, Jorge Piaggio, Marcelo Bachino, Daniel Sperand\u00edo, Juan Barbas, Diego Maradona, Juan Jos\u00e9 Meza, Osvaldo Rinaldi, Osvaldo Escudero, Ram\u00f3n D\u00edas, Gabriel Calder\u00f3n, Alfredo Torres, Jos\u00e9 Luis Lanao. Su Director T\u00e9cnico fue C\u00e9sar Luis Menotti. Este equipo fue el primero en lograr un campeonato mundial en la categor\u00eda juveniles sub 20 y marc\u00f3 un camino de \u00e9xitos que ha llevado a la Asociaci\u00f3n del F\u00fatbol Argentino a ser la m\u00e1s exitosa en dicha categor\u00eda entre sus pares del mundo, habiendo obtenido 6 t\u00edtulos, frente a 5 de Brasil&quot;, argument\u00f3 el legislador Marcelo Depierro quien fue acompa\u00f1ado por su par Agust\u00edn Forchieri (VJ).<\/p>\n","protected":false},"excerpt":{"rendered":"<p>El Cuerpo Parlamentario de la Ciudad de Buenos Aires se acord\u00f3\u00a0 ayer\u00a0 conmemorar el 40\u00b0 aniversario de la obtenci\u00f3n por parte de la selecci\u00f3n argentina del t\u00edtulo de Campe\u00f3n en el Mundial de F\u00fatbol Juvenil celebrado en Jap\u00f3n en 1979.Como se recordar\u00e1, el 7 de septiembre de 1979 se jug\u00f3 en Tokio, la capital japonesa, [&hellip;]<\/p>\n","protected":false},"author":1,"featured_media":2973,"comment_status":"open","ping_status":"open","sticky":false,"template":"","format":"standard","meta":{"_et_pb_use_builder":"","_et_pb_old_content":"","_et_gb_content_width":"","footnotes":""},"categories":[11,33],"tags":[],"class_list":["post-2972","post","type-post","status-publish","format-standard","has-post-thumbnail","hentry","category-ciudad","category-sociedad-y-cultura-2"],"_links":{"self":[{"href":"https:\/\/vocesdebaires.com.ar\/index.php\/wp-json\/wp\/v2\/posts\/2972"}],"collection":[{"href":"https:\/\/vocesdebaires.com.ar\/index.php\/wp-json\/wp\/v2\/posts"}],"about":[{"href":"https:\/\/vocesdebaires.com.ar\/index.php\/wp-json\/wp\/v2\/types\/post"}],"author":[{"embeddable":true,"href":"https:\/\/vocesdebaires.com.ar\/index.php\/wp-json\/wp\/v2\/users\/1"}],"replies":[{"embeddable":true,"href":"https:\/\/vocesdebaires.com.ar\/index.php\/wp-json\/wp\/v2\/comments?post=2972"}],"version-history":[{"count":0,"href":"https:\/\/vocesdebaires.com.ar\/index.php\/wp-json\/wp\/v2\/posts\/2972\/revisions"}],"wp:featuredmedia":[{"embeddable":true,"href":"https:\/\/vocesdebaires.com.ar\/index.php\/wp-json\/wp\/v2\/media\/2973"}],"wp:attachment":[{"href":"https:\/\/vocesdebaires.com.ar\/index.php\/wp-json\/wp\/v2\/media?parent=2972"}],"wp:term":[{"taxonomy":"category","embeddable":true,"href":"https:\/\/vocesdebaires.com.ar\/index.php\/wp-json\/wp\/v2\/categories?post=2972"},{"taxonomy":"post_tag","embeddable":true,"href":"https:\/\/vocesdebaires.com.ar\/index.php\/wp-json\/wp\/v2\/tags?post=2972"}],"curies":[{"name":"wp","href":"https:\/\/api.w.org\/{rel}","templated":true}]}}