{"id":2980,"date":"2019-08-02T03:00:00","date_gmt":"2019-08-02T06:00:00","guid":{"rendered":"http:\/\/vocesdebaires.com.ar\/wordpress\/index.php\/2019\/08\/02\/inscribete-al-curso-basico-epidemiologia-aplicada\/"},"modified":"2019-08-02T03:00:00","modified_gmt":"2019-08-02T06:00:00","slug":"inscribete-al-curso-basico-epidemiologia-aplicada","status":"publish","type":"post","link":"https:\/\/vocesdebaires.com.ar\/index.php\/2019\/08\/02\/inscribete-al-curso-basico-epidemiologia-aplicada\/","title":{"rendered":"Inscr\u00edbete al Curso B\u00e1sico &quot;Epidemiolog\u00eda Aplicada"},"content":{"rendered":"<p>La Gerencia Operativa de Epidemiolog\u00eda, perteneciente a la Subsecretar\u00eda de Planificaci\u00f3n Sanitaria MSGC, llevar\u00e1 a cabo el Curso B\u00e1sico &quot;Epidemiolog\u00eda Aplicada a la Vigilancia y An\u00e1lisis de la Situaci\u00f3n de Salud 2019&quot;: Introducci\u00f3n a la Epidemiolog\u00eda para la Gesti\u00f3n, Vigilancia y ASIS. El mismo comenzar\u00e1 el 21 de agosto y finalizar\u00e1 el 13 de noviembre de 2019, teniendo lugar en la sede del Ministerio de Salud de la Ciudad de Buenos Aires, Auditorio A (Monasterio 480, Parque Patricios).<\/p>\n<p>Las clases se dictar\u00e1n los mi\u00e9rcoles de 9:00 a 13:00hs, destinadas a profesionales de los equipos de salud de la Ciudad Aut\u00f3noma de Buenos Aires. La cursada tendr\u00e1 una cantidad de 100 horas y contar\u00e1 con una evaluaci\u00f3n final. Los cupos son limitados (de superarse los mismos, se realizar\u00e1 una selecci\u00f3n). Inscribite hasta el 14 de agosto de 2019.<\/p>\n<p>Temas que se abordar\u00e1n:<br \/>\u00bfQu\u00e9 es? \u00bfQu\u00e9 hace? \u00bfC\u00f3mo lo hace? La historia y la actualidad de la Epidemiolog\u00eda.<br \/>\u00bfQu\u00e9 hacemos en la Gerencia Operativa de Epidemiolog\u00eda? La epidemiolog\u00eda intermedia de CABA como \u201cv\u00eda regia\u201d de trabajo. La gesti\u00f3n como objeto de an\u00e1lisis y praxis.<br \/>Sobre los datos, frecuencias, indicadores. Epidemiolog\u00eda, cr\u00edtica para la gesti\u00f3n diaria. Vigilancia de la Salud: Los c\u00f3mo, porqu\u00e9s y con qui\u00e9nes. Estudios de foco y mucho m\u00e1s. Introducci\u00f3n a la mirada de un brote. Introducci\u00f3n a la mirada de los An\u00e1lisis de Situaci\u00f3n de Salud (ASIS).<\/p>\n<p>Consultas: <a href=&quot;mailto:gerenciaepicaba@buenosaires.gob.ar&quot;>gerenciaepicaba@buenosaires.gob.ar<\/a><br \/><a href=&quot;https:\/\/www.buenosaires.gob.ar\/sites\/gcaba\/files\/introduccion_a_la_epidemiologia_para_la_gestion_vigilancia_y_asis_-_cronograma.pdf&quot;>https:\/\/www.buenosaires.gob.ar\/sites\/gcaba\/files\/introduccion_a_la_epidemiologia_para_la_gestion_vigilancia_y_asis_-_cronograma.pdf<\/a><\/p>\n<p>Hablemos sobre Epidemiolog\u00eda<\/p>\n<p>La epidemiolog\u00eda es una herramienta que posibilita a los equipos de salud de todos niveles revisar cr\u00edticamente la realidad social y cotidiana, permitiendo pensar opciones para mejorar los procesos de trabajo y la salud de los habitantes de la CABA.Este disciplina tiene por objeto el estudio de la distribuci\u00f3n de los procesos de salud-enfermedad-atenci\u00f3n-cuidado en una poblaci\u00f3n y sus posibles determinantes. La Ciudad de Buenos Aires presenta un mosaico epidemiol\u00f3gico dado por la coexistencia de enfermedades infectocontagiosas, cr\u00f3nicas-degenerativas, ambientales, sociales y potenciales desastres.<\/p>\n<p>Esta situaci\u00f3n es din\u00e1mica y produce importantes repercusiones en la poblaci\u00f3n. En el recorrido formativo y pr\u00e1ctico de los y las profesionales de la salud existe un d\u00e9ficit en la mirada epidemiol\u00f3gica, por ello, se hace necesario formar al personal de salud en aspectos b\u00e1sicos de epidemiolog\u00eda, para instalar la mirada colectiva, la revisi\u00f3n constante y la mejora de los procesos de salud-enfermedad-atenci\u00f3n-cuidado.<\/p>\n","protected":false},"excerpt":{"rendered":"<p>La Gerencia Operativa de Epidemiolog\u00eda, perteneciente a la Subsecretar\u00eda de Planificaci\u00f3n Sanitaria MSGC, llevar\u00e1 a cabo el Curso B\u00e1sico &quot;Epidemiolog\u00eda Aplicada a la Vigilancia y An\u00e1lisis de la Situaci\u00f3n de Salud 2019&quot;: Introducci\u00f3n a la Epidemiolog\u00eda para la Gesti\u00f3n, Vigilancia y ASIS. El mismo comenzar\u00e1 el 21 de agosto y finalizar\u00e1 el 13 de noviembre [&hellip;]<\/p>\n","protected":false},"author":1,"featured_media":2981,"comment_status":"open","ping_status":"open","sticky":false,"template":"","format":"standard","meta":{"_et_pb_use_builder":"","_et_pb_old_content":"","_et_gb_content_width":"","footnotes":""},"categories":[35,12],"tags":[],"class_list":["post-2980","post","type-post","status-publish","format-standard","has-post-thumbnail","hentry","category-gobierno","category-nacion"],"_links":{"self":[{"href":"https:\/\/vocesdebaires.com.ar\/index.php\/wp-json\/wp\/v2\/posts\/2980"}],"collection":[{"href":"https:\/\/vocesdebaires.com.ar\/index.php\/wp-json\/wp\/v2\/posts"}],"about":[{"href":"https:\/\/vocesdebaires.com.ar\/index.php\/wp-json\/wp\/v2\/types\/post"}],"author":[{"embeddable":true,"href":"https:\/\/vocesdebaires.com.ar\/index.php\/wp-json\/wp\/v2\/users\/1"}],"replies":[{"embeddable":true,"href":"https:\/\/vocesdebaires.com.ar\/index.php\/wp-json\/wp\/v2\/comments?post=2980"}],"version-history":[{"count":0,"href":"https:\/\/vocesdebaires.com.ar\/index.php\/wp-json\/wp\/v2\/posts\/2980\/revisions"}],"wp:featuredmedia":[{"embeddable":true,"href":"https:\/\/vocesdebaires.com.ar\/index.php\/wp-json\/wp\/v2\/media\/2981"}],"wp:attachment":[{"href":"https:\/\/vocesdebaires.com.ar\/index.php\/wp-json\/wp\/v2\/media?parent=2980"}],"wp:term":[{"taxonomy":"category","embeddable":true,"href":"https:\/\/vocesdebaires.com.ar\/index.php\/wp-json\/wp\/v2\/categories?post=2980"},{"taxonomy":"post_tag","embeddable":true,"href":"https:\/\/vocesdebaires.com.ar\/index.php\/wp-json\/wp\/v2\/tags?post=2980"}],"curies":[{"name":"wp","href":"https:\/\/api.w.org\/{rel}","templated":true}]}}