{"id":29812,"date":"2015-07-09T18:07:20","date_gmt":"2015-07-09T21:07:20","guid":{"rendered":"http:\/\/vocesdebaires.com.ar\/wordpress\/index.php\/2015\/07\/09\/baabour-gano-ante-mas-de-cuatro-mil-corredores\/"},"modified":"2015-07-09T18:07:20","modified_gmt":"2015-07-09T21:07:20","slug":"baabour-gano-ante-mas-de-cuatro-mil-corredores","status":"publish","type":"post","link":"https:\/\/vocesdebaires.com.ar\/index.php\/2015\/07\/09\/baabour-gano-ante-mas-de-cuatro-mil-corredores\/","title":{"rendered":"Baabour gan\u00f3 ante m\u00e1s de cuatro mil corredores"},"content":{"rendered":"<p>\u00a0<br \/>\nEn una ma\u00f1ana t\u00edpica de feriado porte\u00f1o, Sabrina Baabour, atleta del Grupo de Entren amiento La Deportista, gan\u00f3 los 10 kil\u00f3metros de la edici\u00f3n Invierno del Circuito de las Estaciones, con un excelente nivel de organizaci\u00f3n y participaci\u00f3n de atletas de todas las edades. Para completar el circuito, Sabrina Baabour, la deportista oriunda del barrio de Flores, tard\u00f3 39m 26seg, que le permitieron subir a lo m\u00e1s alto del podio. Dentro de unos d\u00edas, Sabrina Baabour viajar\u00e1 a los Estados Unidos, invitada para participar de los 5K de la empresa Chardonnay, en Nueva York.Con esta victoria, la n\u00famero once de su trayectoria, Sabrina Baabour comienza a perfilarse como una de las \u00abdestacadas\u00bb del mundo del running de este 2015.<br \/>\nDespu\u00e9s de un exitoso debut el a\u00f1o pasado, el Circuito de las Estaciones logr\u00f3 en su segunda fecha un \u00e9xito de convocatoria. Este feriado del 9 de julio m\u00e1s de 4.000 atletas llenaron los cupos para la segunda fecha de la versi\u00f3n 2015 del certamen de carreras de calle, que permite a los participantes probarse y superar cada marca a lo largo de todo el a\u00f1o, en 4 fechas y 4 recorridos diferentes.Ante una bandera inmensa argentina, y luego de cantar el Himno Nacional en pleno bosques de Palermo se corri\u00f3 la fecha correspondiente a la estaci\u00f3n Invierno, donde todos los finishers recibieron la medalla de la carrera. Como en la edici\u00f3n pasada, entre las cuatro medallas -que se unen entren s\u00ed- se formar\u00e1 un gran mandala recordatorio de la participaci\u00f3n en el circuito.<\/p>\n","protected":false},"excerpt":{"rendered":"<p>\u00a0 En una ma\u00f1ana t\u00edpica de feriado porte\u00f1o, Sabrina Baabour, atleta del Grupo de Entren amiento La Deportista, gan\u00f3 los 10 kil\u00f3metros de la edici\u00f3n Invierno del Circuito de las Estaciones, con un excelente nivel de organizaci\u00f3n y participaci\u00f3n de atletas de todas las edades. Para completar el circuito, Sabrina Baabour, la deportista oriunda del [&hellip;]<\/p>\n","protected":false},"author":2,"featured_media":29813,"comment_status":"open","ping_status":"open","sticky":false,"template":"","format":"standard","meta":{"_et_pb_use_builder":"","_et_pb_old_content":"","_et_gb_content_width":"","footnotes":""},"categories":[14,46],"tags":[],"class_list":["post-29812","post","type-post","status-publish","format-standard","has-post-thumbnail","hentry","category-deportes","category-polideportiva"],"_links":{"self":[{"href":"https:\/\/vocesdebaires.com.ar\/index.php\/wp-json\/wp\/v2\/posts\/29812"}],"collection":[{"href":"https:\/\/vocesdebaires.com.ar\/index.php\/wp-json\/wp\/v2\/posts"}],"about":[{"href":"https:\/\/vocesdebaires.com.ar\/index.php\/wp-json\/wp\/v2\/types\/post"}],"author":[{"embeddable":true,"href":"https:\/\/vocesdebaires.com.ar\/index.php\/wp-json\/wp\/v2\/users\/2"}],"replies":[{"embeddable":true,"href":"https:\/\/vocesdebaires.com.ar\/index.php\/wp-json\/wp\/v2\/comments?post=29812"}],"version-history":[{"count":0,"href":"https:\/\/vocesdebaires.com.ar\/index.php\/wp-json\/wp\/v2\/posts\/29812\/revisions"}],"wp:featuredmedia":[{"embeddable":true,"href":"https:\/\/vocesdebaires.com.ar\/index.php\/wp-json\/wp\/v2\/media\/29813"}],"wp:attachment":[{"href":"https:\/\/vocesdebaires.com.ar\/index.php\/wp-json\/wp\/v2\/media?parent=29812"}],"wp:term":[{"taxonomy":"category","embeddable":true,"href":"https:\/\/vocesdebaires.com.ar\/index.php\/wp-json\/wp\/v2\/categories?post=29812"},{"taxonomy":"post_tag","embeddable":true,"href":"https:\/\/vocesdebaires.com.ar\/index.php\/wp-json\/wp\/v2\/tags?post=29812"}],"curies":[{"name":"wp","href":"https:\/\/api.w.org\/{rel}","templated":true}]}}