{"id":2984,"date":"2019-08-01T03:00:00","date_gmt":"2019-08-01T06:00:00","guid":{"rendered":"http:\/\/vocesdebaires.com.ar\/wordpress\/index.php\/2019\/08\/01\/en-campana-ferraro-candidato-a-diputado\/"},"modified":"2019-08-01T03:00:00","modified_gmt":"2019-08-01T06:00:00","slug":"en-campana-ferraro-candidato-a-diputado","status":"publish","type":"post","link":"https:\/\/vocesdebaires.com.ar\/index.php\/2019\/08\/01\/en-campana-ferraro-candidato-a-diputado\/","title":{"rendered":"En campa\u00f1a Ferraro, candidato a diputado"},"content":{"rendered":"<p>El primer pre-candidato ha diputado Nacional por Juntos por el Cambio en la Ciudad de Buenos Aires, Maximiliano Ferraro visit\u00f3\u00a0 ayer\u00a0 el Paseo Ambiental del Sur, ubicado en Villa Soldati. Acompa\u00f1aron al\u00a0 legislador\u00a0 la gerente operativa a cargo, Mar\u00eda Eugenia Toral, representantes de las ONG ambientales &quot;ECOnciencia&quot;, &quot;Vamos a Hacerlo Argentina!&quot; y miembros de la Sociedad Argentina de Horticultura. El Paseo Ambiental del Sur recrea ambientes naturales con flora nativa, humedales y huerta. Adem\u00e1s, cuenta con un sector especial de energ\u00edas renovables. Constituye un aula abierta disponible para todos los vecinos de la Ciudad.<\/p>\n<p>&quot;Creemos que la concientizaci\u00f3n y el contacto directo con estas tecnolog\u00edas desde un abordaje pr\u00e1ctico son necesarios para generar el cambio cultural que se requiere para garantizar el cuidado del medio ambiente. Los destinatarios principales de este complejo son los chicos. Hoy ellos son m\u00e1s ambientalmente conscientes que los adultos y este conjunto de est\u00edmulos les permitir\u00e1 convertirse en grandes agentes de cambio para el futuro de nuestra ciudad, de nuestro pa\u00eds y de nuestro planeta.&quot; , dijo Ferraro que durante el recorrido pudo observar las distintas estaciones donde se realizan visitas y talleres: cambio clim\u00e1tico, compostaje, viveros de producci\u00f3n -sombr\u00e1culo e hidrop\u00f3nico-, restauraci\u00f3n, biodiversidad y humedales, huertas, aerogeneradores, paneles solares y vivero pedag\u00f3gico.<\/p>\n<p>Este espacio demostrativo y de concientizaci\u00f3n aborda temas ambientales, propuestos tecnol\u00f3gicos y de dise\u00f1o que permiten mejorar los ambientes urbanos y aprender c\u00f3mo los elementos silvestres interact\u00faan con aquellos que son propios de una ciudad tan grande como la nuestra. Maximiliano Ferraro, desde su labor como legislador porte\u00f1o ha presentado varios proyectos de ley en relaci\u00f3n al cuidado del medio ambiente teniendo en cuenta dos enfoques, por un lado la gesti\u00f3n de residuos y protecci\u00f3n de la biodiversidad, y por otro la mitigaci\u00f3n de los efectos del cambio clim\u00e1tico.<\/p>\n<p>Entre ellos se destacan: Ley de Obligatoriedad de inclusi\u00f3n de advertencia en el etiquetado de toallas h\u00famedas no biodegradables para su comercializaci\u00f3n en el \u00e1mbito de la C.A.B.A.\u00a0 Ley de Creaci\u00f3n del Programa de Agricultura Urbana de la C.A.B.A.\u00a0 Ley de Creaci\u00f3n del Programa de Compostaje Comunitario de la C.A.B.A.\u00a0 Ley de Regulaci\u00f3n del uso de microesferas s\u00f3lidas en productos cosm\u00e9ticos y de limpieza.\u00a0 Ley de Calles Verdes.\u00a0 Ley de regulaci\u00f3n del uso de sorbetes y utensilios de un solo uso.\u00a0 Ley de Gesti\u00f3n Ambiental de colillas de cigarrillos.\u00a0 Ley de Gesti\u00f3n Ambiental de Neum\u00e1ticos Fuera de Uso.\u00a0 Ley de Etiquetado de Sustentabilidad de los Edificios.\u00a0 Ley de expendio gratuito de copa menstrual.<\/p>\n","protected":false},"excerpt":{"rendered":"<p>El primer pre-candidato ha diputado Nacional por Juntos por el Cambio en la Ciudad de Buenos Aires, Maximiliano Ferraro visit\u00f3\u00a0 ayer\u00a0 el Paseo Ambiental del Sur, ubicado en Villa Soldati. Acompa\u00f1aron al\u00a0 legislador\u00a0 la gerente operativa a cargo, Mar\u00eda Eugenia Toral, representantes de las ONG ambientales &quot;ECOnciencia&quot;, &quot;Vamos a Hacerlo Argentina!&quot; y miembros de la [&hellip;]<\/p>\n","protected":false},"author":1,"featured_media":2985,"comment_status":"open","ping_status":"open","sticky":false,"template":"","format":"standard","meta":{"_et_pb_use_builder":"","_et_pb_old_content":"","_et_gb_content_width":"","footnotes":""},"categories":[11,32],"tags":[],"class_list":["post-2984","post","type-post","status-publish","format-standard","has-post-thumbnail","hentry","category-ciudad","category-comunas"],"_links":{"self":[{"href":"https:\/\/vocesdebaires.com.ar\/index.php\/wp-json\/wp\/v2\/posts\/2984"}],"collection":[{"href":"https:\/\/vocesdebaires.com.ar\/index.php\/wp-json\/wp\/v2\/posts"}],"about":[{"href":"https:\/\/vocesdebaires.com.ar\/index.php\/wp-json\/wp\/v2\/types\/post"}],"author":[{"embeddable":true,"href":"https:\/\/vocesdebaires.com.ar\/index.php\/wp-json\/wp\/v2\/users\/1"}],"replies":[{"embeddable":true,"href":"https:\/\/vocesdebaires.com.ar\/index.php\/wp-json\/wp\/v2\/comments?post=2984"}],"version-history":[{"count":0,"href":"https:\/\/vocesdebaires.com.ar\/index.php\/wp-json\/wp\/v2\/posts\/2984\/revisions"}],"wp:featuredmedia":[{"embeddable":true,"href":"https:\/\/vocesdebaires.com.ar\/index.php\/wp-json\/wp\/v2\/media\/2985"}],"wp:attachment":[{"href":"https:\/\/vocesdebaires.com.ar\/index.php\/wp-json\/wp\/v2\/media?parent=2984"}],"wp:term":[{"taxonomy":"category","embeddable":true,"href":"https:\/\/vocesdebaires.com.ar\/index.php\/wp-json\/wp\/v2\/categories?post=2984"},{"taxonomy":"post_tag","embeddable":true,"href":"https:\/\/vocesdebaires.com.ar\/index.php\/wp-json\/wp\/v2\/tags?post=2984"}],"curies":[{"name":"wp","href":"https:\/\/api.w.org\/{rel}","templated":true}]}}