{"id":2986,"date":"2019-08-01T03:00:00","date_gmt":"2019-08-01T06:00:00","guid":{"rendered":"http:\/\/vocesdebaires.com.ar\/wordpress\/index.php\/2019\/08\/01\/vecinos-podran-entrar-gratis-a-masticar\/"},"modified":"2019-08-01T03:00:00","modified_gmt":"2019-08-01T06:00:00","slug":"vecinos-podran-entrar-gratis-a-masticar","status":"publish","type":"post","link":"https:\/\/vocesdebaires.com.ar\/index.php\/2019\/08\/01\/vecinos-podran-entrar-gratis-a-masticar\/","title":{"rendered":"Vecinos podr\u00e1n entrar gratis a Masticar"},"content":{"rendered":"<p>Se viene una nueva edici\u00f3n de la Feria Masticar, que este a\u00f1o podr\u00e1 ser visitada en forma gratuita por 10.000 vecinos de la Ciudad, invitados por BA Capital Gastron\u00f3mica. Los interesados deber\u00e1n anotarse en las redes sociales de BA Capital Gastron\u00f3mica (@bacapitalgastronomica) y Participaci\u00f3n Ciudadana entre el 29 de julio y el 5 de agosto para obtener uno de los 5.000 pares de entradas que habr\u00e1 disponibles para ingresar el jueves 15 o viernes 16 de agosto.Los ganadores ser\u00e1n anunciados en el Facebook de BA Capital Gastron\u00f3mica y contactados desde el 6 de agosto con el env\u00edo de sus entradas digitales.<\/p>\n<p>La feria, organizada por el grupo A.C.E.L.G.A, tendr\u00e1 lugar nuevamente en el predio El Dorrego (con ingreso por Zapiola y Matienzo) del 15 al 18 de agosto bajo el lema \u201cComer rico hace bien\u201d. Contar\u00e1 con un mercado m\u00e1s grande y federal con productos frescos de estaci\u00f3n que representan a todas las regiones del pa\u00eds, clases de cocina a cargo de prestigiosos chefs argentinos e invitados internacionales, talleres de oficio y los puestos de comidas m\u00e1s exquisitos del pa\u00eds reunidos en un solo lugar. Para m\u00e1s informaci\u00f3n sobre #Masticar, ingresar a la web oficial del evento.<\/p>\n<p>BA Capital Gastron\u00f3mica es un programa de gobierno que busca posicionar a la Ciudad de Buenos Aires como la capital gastron\u00f3mica de Am\u00e9rica Latina. A trav\u00e9s de 4 ejes fundamentales de la alimentaci\u00f3n (conocer, comprar, cocinar y comer) tiene como objetivo impulsar el desarrollo gastron\u00f3mico a trav\u00e9s de la generaci\u00f3n de empleo y turismo. La Ciudad present\u00f3 la Feria Masticar Se llevar\u00e1 a cabo del 15 al 18 de agosto en El Dorrego. BA Capital Gastron\u00f3mica organiza un concurso para que mucha gente pueda ingresar de manera gratuita a esta d\u00e9cima edici\u00f3n.<\/p>\n","protected":false},"excerpt":{"rendered":"<p>Se viene una nueva edici\u00f3n de la Feria Masticar, que este a\u00f1o podr\u00e1 ser visitada en forma gratuita por 10.000 vecinos de la Ciudad, invitados por BA Capital Gastron\u00f3mica. Los interesados deber\u00e1n anotarse en las redes sociales de BA Capital Gastron\u00f3mica (@bacapitalgastronomica) y Participaci\u00f3n Ciudadana entre el 29 de julio y el 5 de agosto [&hellip;]<\/p>\n","protected":false},"author":1,"featured_media":2987,"comment_status":"open","ping_status":"open","sticky":false,"template":"","format":"standard","meta":{"_et_pb_use_builder":"","_et_pb_old_content":"","_et_gb_content_width":"","footnotes":""},"categories":[11,32],"tags":[],"class_list":["post-2986","post","type-post","status-publish","format-standard","has-post-thumbnail","hentry","category-ciudad","category-comunas"],"_links":{"self":[{"href":"https:\/\/vocesdebaires.com.ar\/index.php\/wp-json\/wp\/v2\/posts\/2986"}],"collection":[{"href":"https:\/\/vocesdebaires.com.ar\/index.php\/wp-json\/wp\/v2\/posts"}],"about":[{"href":"https:\/\/vocesdebaires.com.ar\/index.php\/wp-json\/wp\/v2\/types\/post"}],"author":[{"embeddable":true,"href":"https:\/\/vocesdebaires.com.ar\/index.php\/wp-json\/wp\/v2\/users\/1"}],"replies":[{"embeddable":true,"href":"https:\/\/vocesdebaires.com.ar\/index.php\/wp-json\/wp\/v2\/comments?post=2986"}],"version-history":[{"count":0,"href":"https:\/\/vocesdebaires.com.ar\/index.php\/wp-json\/wp\/v2\/posts\/2986\/revisions"}],"wp:featuredmedia":[{"embeddable":true,"href":"https:\/\/vocesdebaires.com.ar\/index.php\/wp-json\/wp\/v2\/media\/2987"}],"wp:attachment":[{"href":"https:\/\/vocesdebaires.com.ar\/index.php\/wp-json\/wp\/v2\/media?parent=2986"}],"wp:term":[{"taxonomy":"category","embeddable":true,"href":"https:\/\/vocesdebaires.com.ar\/index.php\/wp-json\/wp\/v2\/categories?post=2986"},{"taxonomy":"post_tag","embeddable":true,"href":"https:\/\/vocesdebaires.com.ar\/index.php\/wp-json\/wp\/v2\/tags?post=2986"}],"curies":[{"name":"wp","href":"https:\/\/api.w.org\/{rel}","templated":true}]}}