{"id":29919,"date":"2015-07-22T13:46:01","date_gmt":"2015-07-22T16:46:01","guid":{"rendered":"http:\/\/vocesdebaires.com.ar\/wordpress\/index.php\/2015\/07\/22\/vidal-en-zarate-y-campana\/"},"modified":"2015-07-22T13:46:01","modified_gmt":"2015-07-22T16:46:01","slug":"vidal-en-zarate-y-campana","status":"publish","type":"post","link":"https:\/\/vocesdebaires.com.ar\/index.php\/2015\/07\/22\/vidal-en-zarate-y-campana\/","title":{"rendered":"Vidal en Z\u00e1rate y Campana"},"content":{"rendered":"<p>\u00a0<br \/>\n\u201cLAS COSAS SE RESUELVEN CERCA DE LA GENTE\u201d<br \/>\n Mar\u00eda Eugenia Vidal asegur\u00f3 que cuando sea gobernadora bonaerense no va a \u201cgestionar detr\u00e1s de un escritorio porque las cosas se resuelven cerca de la gente y donde est\u00e1n los problemas\u201d.\u201cHoy tenemos la posibilidad de no resignarnos, de no creer que lo que hay en la Provincia de Buenos Aires es lo \u00fanico que podemos tener\u201d, sostuvo Vidal en declaraciones period\u00edsticas y se comprometi\u00f3 a \u201csaldar deudas hist\u00f3ricas como la falta de cloacas, de agua potable o de pavimento\u201d, en muchos barrios y localidades.<br \/>\n\u201cHe escuchado vecinos que desde hace 20 o 30 a\u00f1os esperan por cosas que son \u00a0muy b\u00e1sicas. Sentimos que somos capaces de dar una respuesta y que estamos para hacernos cargo y, con el apoyo de la gente, esto lo podemos cambiar\u201d, asever\u00f3 la candidata a gobernadora del Frente Cambiemos.\u201cTenemos una enorme oportunidad de demostrarnos a nosotros mismos de lo que somos capaces en la Argentina y en la Provincia. Hace m\u00e1s de 25 a\u00f1os que vienen gobernado los mismos y ya demostraron a la gente de lo que son capaces\u201d, concluy\u00f3 Vidal.<br \/>\nVidal recorri\u00f3 las ciudades de Z\u00e1rate y Campana, continuando con la modalidad proselitista de tocar timbres en las viviendas, dialogar con los vecinos y escuchar sus demandas. Ma\u00f1ana la candidata a gobernadora estar\u00e1 en los distritos conurbanos de Esteban Echeverr\u00eda y Mor\u00f3n y el viernes visitar\u00e1 las ciudades de Mar del Plata y Necochea, en el sudeste provincial.<\/p>\n","protected":false},"excerpt":{"rendered":"<p>\u00a0 \u201cLAS COSAS SE RESUELVEN CERCA DE LA GENTE\u201d Mar\u00eda Eugenia Vidal asegur\u00f3 que cuando sea gobernadora bonaerense no va a \u201cgestionar detr\u00e1s de un escritorio porque las cosas se resuelven cerca de la gente y donde est\u00e1n los problemas\u201d.\u201cHoy tenemos la posibilidad de no resignarnos, de no creer que lo que hay en la [&hellip;]<\/p>\n","protected":false},"author":2,"featured_media":29920,"comment_status":"open","ping_status":"open","sticky":false,"template":"","format":"standard","meta":{"_et_pb_use_builder":"","_et_pb_old_content":"","_et_gb_content_width":"","footnotes":""},"categories":[11,44],"tags":[],"class_list":["post-29919","post","type-post","status-publish","format-standard","has-post-thumbnail","hentry","category-ciudad","category-funcionarios-de-la-caba"],"_links":{"self":[{"href":"https:\/\/vocesdebaires.com.ar\/index.php\/wp-json\/wp\/v2\/posts\/29919"}],"collection":[{"href":"https:\/\/vocesdebaires.com.ar\/index.php\/wp-json\/wp\/v2\/posts"}],"about":[{"href":"https:\/\/vocesdebaires.com.ar\/index.php\/wp-json\/wp\/v2\/types\/post"}],"author":[{"embeddable":true,"href":"https:\/\/vocesdebaires.com.ar\/index.php\/wp-json\/wp\/v2\/users\/2"}],"replies":[{"embeddable":true,"href":"https:\/\/vocesdebaires.com.ar\/index.php\/wp-json\/wp\/v2\/comments?post=29919"}],"version-history":[{"count":0,"href":"https:\/\/vocesdebaires.com.ar\/index.php\/wp-json\/wp\/v2\/posts\/29919\/revisions"}],"wp:featuredmedia":[{"embeddable":true,"href":"https:\/\/vocesdebaires.com.ar\/index.php\/wp-json\/wp\/v2\/media\/29920"}],"wp:attachment":[{"href":"https:\/\/vocesdebaires.com.ar\/index.php\/wp-json\/wp\/v2\/media?parent=29919"}],"wp:term":[{"taxonomy":"category","embeddable":true,"href":"https:\/\/vocesdebaires.com.ar\/index.php\/wp-json\/wp\/v2\/categories?post=29919"},{"taxonomy":"post_tag","embeddable":true,"href":"https:\/\/vocesdebaires.com.ar\/index.php\/wp-json\/wp\/v2\/tags?post=29919"}],"curies":[{"name":"wp","href":"https:\/\/api.w.org\/{rel}","templated":true}]}}