{"id":30112,"date":"2015-08-17T14:13:48","date_gmt":"2015-08-17T17:13:48","guid":{"rendered":"http:\/\/vocesdebaires.com.ar\/wordpress\/index.php\/2015\/08\/17\/lemme-justifico-su-cambio-de-postura\/"},"modified":"2015-08-17T14:13:48","modified_gmt":"2015-08-17T17:13:48","slug":"lemme-justifico-su-cambio-de-postura","status":"publish","type":"post","link":"https:\/\/vocesdebaires.com.ar\/index.php\/2015\/08\/17\/lemme-justifico-su-cambio-de-postura\/","title":{"rendered":"Lemme justific\u00f3 su cambio de postura"},"content":{"rendered":"<p>\u00a0<br \/>\nEl grondonista presidente de Defensa y Justicia, Jos\u00e9 Lemme, revel\u00f3 hoy que respalda la habilitaci\u00f3n de Marcelo Tinelli como candidato y desistir\u00e1 de apoyar al titular de la AFA, Luis Segura, al endilgarle haber cometido muchos \u00aberrores\u00bb. \u00abSi chocamos este tren yo no quiero estar arriba\u00bb, enfatiz\u00f3 Lemme, quien integr\u00f3 el grupo cercano que tuvo Julio Grondona.<br \/>\nDe esta forma, parece estar quebr\u00e1ndose el frente del grondonismo puro en torno a Segura, de cara a la clave reuni\u00f3n de ma\u00f1ana de Comit\u00e9 Ejecutivo de la AFA, en el que se definir\u00eda si Tinelli puede presentarse o no a la presidencia de esa entidad.<br \/>\nLemme revel\u00f3 por el canal TyCSports que en la primera reuni\u00f3n que se habl\u00f3 de la posible habilitaci\u00f3n a Tinelli como postulante a la presidencia de AFA, \u00abel \u00fanico que dijo que no fui yo\u00bb y revel\u00f3 que en ese encuentro estaban Daniel Angelici, Rodolfo D&#8217;Onofrio, Segura, Tinelli, el secretario general de la AFA, Miguel Silva y el hoy ferro oponente al conductor, Claudio \u00abChiqui\u00bb Tapia, titular de Barracas Central y yerno de Hugo Moyano.<br \/>\nSin embargo, Lemme sorprendi\u00f3 al admitir que cambi\u00f3 de posici\u00f3n: \u00abAhora es necesario abrir la puerta para que Marcelo se presente para presidente y si lo quieren lo votan. Abrirle las puertas es lo m\u00e1s l\u00f3gico\u00bb. Lemme justific\u00f3 su cambio de postura en que \u00abpasaron muchas cosas\u00bb y que se lo hizo saber a Segura, y argument\u00f3 que \u00abel \u00faltimo fallo del tribunal rebas\u00f3 el vaso\u00bb, en referencia a devolverle los puntos a Arsenal tras hab\u00e9rselos sacado en un partido ante Newell&#8217;s en que hab\u00eda sido mal incluido un futbolista.<br \/>\n\u00abSe lo hice saber a Luis que no iba acompa\u00f1arlo, que no estaba en el buen camino\u00bb, confi\u00f3 Lemme, quien reconoci\u00f3 que seguramente el titular de la AFA no le cay\u00f3 \u00abnada bien\u00bb.Como otro ejemplo de la desprolijidad de la gesti\u00f3n de Segura, dijo Lemme: \u00abHoy se est\u00e1 nombrando a (Gustavo) Cereza para traerlo de vuelta al Consejo\u00bb.Roberto Fern\u00e1ndez fue echado de la presidencia del Consejo Federal el jueves \u00faltimo luego de un supuesto aval a la presentaci\u00f3n de Tinelli. Fern\u00e1ndez reemplaz\u00f3 a Cereza, quien aparece en escuchas que la Justicia le hizo en vida a Grondona, y en la que se habla de un supuesto aborrecimiento a Estudiantes de San Luis en el pasado torneo Argentino.\u00bbLuis uno de los errores que tuvo fue no haber tomado medidas mucho antes. Son cosas que pasan, cosas del f\u00fatbol y la realidad es que no se pueden cometer tantos errores\u00bb, concluy\u00f3.<br \/>\nFuente: DyN<\/p>\n","protected":false},"excerpt":{"rendered":"<p>\u00a0 El grondonista presidente de Defensa y Justicia, Jos\u00e9 Lemme, revel\u00f3 hoy que respalda la habilitaci\u00f3n de Marcelo Tinelli como candidato y desistir\u00e1 de apoyar al titular de la AFA, Luis Segura, al endilgarle haber cometido muchos \u00aberrores\u00bb. \u00abSi chocamos este tren yo no quiero estar arriba\u00bb, enfatiz\u00f3 Lemme, quien integr\u00f3 el grupo cercano que [&hellip;]<\/p>\n","protected":false},"author":2,"featured_media":30113,"comment_status":"open","ping_status":"open","sticky":false,"template":"","format":"standard","meta":{"_et_pb_use_builder":"","_et_pb_old_content":"","_et_gb_content_width":"","footnotes":""},"categories":[39,14],"tags":[],"class_list":["post-30112","post","type-post","status-publish","format-standard","has-post-thumbnail","hentry","category-1o-division-a","category-deportes"],"_links":{"self":[{"href":"https:\/\/vocesdebaires.com.ar\/index.php\/wp-json\/wp\/v2\/posts\/30112"}],"collection":[{"href":"https:\/\/vocesdebaires.com.ar\/index.php\/wp-json\/wp\/v2\/posts"}],"about":[{"href":"https:\/\/vocesdebaires.com.ar\/index.php\/wp-json\/wp\/v2\/types\/post"}],"author":[{"embeddable":true,"href":"https:\/\/vocesdebaires.com.ar\/index.php\/wp-json\/wp\/v2\/users\/2"}],"replies":[{"embeddable":true,"href":"https:\/\/vocesdebaires.com.ar\/index.php\/wp-json\/wp\/v2\/comments?post=30112"}],"version-history":[{"count":0,"href":"https:\/\/vocesdebaires.com.ar\/index.php\/wp-json\/wp\/v2\/posts\/30112\/revisions"}],"wp:featuredmedia":[{"embeddable":true,"href":"https:\/\/vocesdebaires.com.ar\/index.php\/wp-json\/wp\/v2\/media\/30113"}],"wp:attachment":[{"href":"https:\/\/vocesdebaires.com.ar\/index.php\/wp-json\/wp\/v2\/media?parent=30112"}],"wp:term":[{"taxonomy":"category","embeddable":true,"href":"https:\/\/vocesdebaires.com.ar\/index.php\/wp-json\/wp\/v2\/categories?post=30112"},{"taxonomy":"post_tag","embeddable":true,"href":"https:\/\/vocesdebaires.com.ar\/index.php\/wp-json\/wp\/v2\/tags?post=30112"}],"curies":[{"name":"wp","href":"https:\/\/api.w.org\/{rel}","templated":true}]}}