{"id":3055,"date":"2019-03-03T16:51:51","date_gmt":"2019-03-03T19:51:51","guid":{"rendered":"http:\/\/vocesdebaires.com.ar\/wordpress\/index.php\/2019\/03\/03\/innumerables-palabras-de-acompanamiento-al-presidente\/"},"modified":"2019-03-03T16:51:51","modified_gmt":"2019-03-03T19:51:51","slug":"innumerables-palabras-de-acompanamiento-al-presidente","status":"publish","type":"post","link":"https:\/\/vocesdebaires.com.ar\/index.php\/2019\/03\/03\/innumerables-palabras-de-acompanamiento-al-presidente\/","title":{"rendered":"Innumerables palabras de acompa\u00f1amiento al presidente"},"content":{"rendered":"<p>Fueron innumerables las palabras de acompa\u00f1amiento que pod\u00edan leerse en las redes sociales. Como las del cordob\u00e9s Mario Negri, quien se\u00f1al\u00f3: \u201cEn nombre de todo el Interbloque de Diputados de @cambiemos quiero expresar nuestro acompa\u00f1amiento al presidente @mauriciomacri por el fallecimiento de su padre. \u00a1Mucha fuerza Presidente!\u201d. A su vez, los integrantes del bloque de diputados nacionales de la UCR expresaron sus condolencias al presidente @mauriciomacri y lo acompa\u00f1an en este dif\u00edcil momento. \u00a1Fuerza Presidente!\u201d.<\/p>\n<p>El presidente del interbloque de Cambiemos de la C\u00e1mara alta, Luis Naidenoff, expres\u00f3 tambi\u00e9n sus condolencias para el presidente y su familia, lo mismo que el diputado Pablo Tonelli. En el mismo sentido se expres\u00f3 la Uni\u00f3n C\u00edvica Radical.Desde la Legislatura porte\u00f1a, el titular de la Coalici\u00f3n C\u00edvica, Maximiliano Ferraro, expres\u00f3 su acompa\u00f1amiento al presidente \u201cen este dif\u00edcil y doloroso momento\u201d, mientras su par Juan Nosiglia envi\u00f3 un abrazo al primer mandatario. Tambi\u00e9n el legislador del Pro Daniel Presti, que escribi\u00f3 en su cuenta de Twitter: \u201cLamento mucho el fallecimiento del padre de Mauricio Macri. Mis condolencias y apoyo a \u00e9l y su familia. Fuerte abrazo\u201d.<\/p>\n<p>\u201cFranco Macri, una vida dura y plena, con logros grandes. Abrazo a Mauricio y sus chicos\u201d, expres\u00f3 el presidente provisional del Senado, Federico Pinedo. El diputado nacional del Pro Lucas Incicco hizo llegar sus condolencias y un afectuoso abrazo al presidente Macri y a su familia \u201cen este duro momento\u201d, lo mismo que la senadora nacional Marta Varela.\u201cQuerido presidente de nuestra Naci\u00f3n, condolencias por tu p\u00e9rdida. Cont\u00e1s con nosotros y el pueblo argentino. Tu padre sigue en tu coraz\u00f3n y finalmente su esp\u00edritu descansa\u201d, escribi\u00f3 a su vez la diputada Cornelia Schmidt-Liermann, en tanto que el diputado Marcelo Wechsler dijo acompa\u00f1ar en el sentimiento a la familia Macri en este duro momento.<\/p>\n<p>Tambi\u00e9n lo salud\u00f3 el legislador porte\u00f1o Jos\u00e9 Luis Acevedo, que dijo compartir el dolor del primer mandatario, en tanto que desde la oposici\u00f3n el diputado nacional Fernando Espinoza expres\u00f3 sus condolencias a Mauricio Macri y toda su familia. Tambi\u00e9n se solidariz\u00f3 el diputado Mart\u00edn Lousteau. Su compa\u00f1era de bloque Carla Carrizo tambi\u00e9n expres\u00f3 sus condolencias, lo mismo que el vicejefe de Gobierno Diego Santilli, \u201cen este dur\u00edsimo momento&quot;. El reciente ganador de la interna de Cambiemos en La Pampa, Daniel Kroneberger envi\u00f3 sus condolencias, igual que la senadora nacional tucumana Silvia El\u00edas de P\u00e9rez, que escribi\u00f3: \u201cMi m\u00e1s sentido p\u00e9same al presidente @mauriciomacri y a toda su familia. Mi acompa\u00f1amiento en este momento de dolor\u201d.<\/p>\n<p>La legisladora porte\u00f1a Victoria Rold\u00e1n P\u00e9rez expres\u00f3 sus condolencias \u201cen este momento tan triste y dif\u00edcil para Mauricio Macri\u201d. El legislador porte\u00f1o Marcelo Guouman tambi\u00e9n expres\u00f3 su saludo.<br \/>Entre los saludos tambi\u00e9n figur\u00f3 el del l\u00edder del Frente Renovador, Sergio Massa, y el del senador Esteban Bullrich, que escribi\u00f3: \u201cMis condolencias y respetos a nuestro Presidente @mauriciomacri y su familia por el fallecimiento de su padre Franco. En nombre m\u00edo y de mi familia los acompa\u00f1amos con una oraci\u00f3n en este dif\u00edcil momento&quot;. En el mismo sentido se expres\u00f3 el senador radical santacruce\u00f1o Eduardo Costa. \u201cAcompa\u00f1o a @mauriciomacri y su familia en este duro momento y les hago llegar mis condolencias y un afectuoso abrazo a todos ellos. Fuerza Presidente!\u201d, se\u00f1al\u00f3 a su vez Lucas Incicco.<\/p>\n","protected":false},"excerpt":{"rendered":"<p>Fueron innumerables las palabras de acompa\u00f1amiento que pod\u00edan leerse en las redes sociales. Como las del cordob\u00e9s Mario Negri, quien se\u00f1al\u00f3: \u201cEn nombre de todo el Interbloque de Diputados de @cambiemos quiero expresar nuestro acompa\u00f1amiento al presidente @mauriciomacri por el fallecimiento de su padre. \u00a1Mucha fuerza Presidente!\u201d. A su vez, los integrantes del bloque de [&hellip;]<\/p>\n","protected":false},"author":1,"featured_media":3056,"comment_status":"open","ping_status":"open","sticky":false,"template":"","format":"standard","meta":{"_et_pb_use_builder":"","_et_pb_old_content":"","_et_gb_content_width":"","footnotes":""},"categories":[35,12],"tags":[],"class_list":["post-3055","post","type-post","status-publish","format-standard","has-post-thumbnail","hentry","category-gobierno","category-nacion"],"_links":{"self":[{"href":"https:\/\/vocesdebaires.com.ar\/index.php\/wp-json\/wp\/v2\/posts\/3055"}],"collection":[{"href":"https:\/\/vocesdebaires.com.ar\/index.php\/wp-json\/wp\/v2\/posts"}],"about":[{"href":"https:\/\/vocesdebaires.com.ar\/index.php\/wp-json\/wp\/v2\/types\/post"}],"author":[{"embeddable":true,"href":"https:\/\/vocesdebaires.com.ar\/index.php\/wp-json\/wp\/v2\/users\/1"}],"replies":[{"embeddable":true,"href":"https:\/\/vocesdebaires.com.ar\/index.php\/wp-json\/wp\/v2\/comments?post=3055"}],"version-history":[{"count":0,"href":"https:\/\/vocesdebaires.com.ar\/index.php\/wp-json\/wp\/v2\/posts\/3055\/revisions"}],"wp:featuredmedia":[{"embeddable":true,"href":"https:\/\/vocesdebaires.com.ar\/index.php\/wp-json\/wp\/v2\/media\/3056"}],"wp:attachment":[{"href":"https:\/\/vocesdebaires.com.ar\/index.php\/wp-json\/wp\/v2\/media?parent=3055"}],"wp:term":[{"taxonomy":"category","embeddable":true,"href":"https:\/\/vocesdebaires.com.ar\/index.php\/wp-json\/wp\/v2\/categories?post=3055"},{"taxonomy":"post_tag","embeddable":true,"href":"https:\/\/vocesdebaires.com.ar\/index.php\/wp-json\/wp\/v2\/tags?post=3055"}],"curies":[{"name":"wp","href":"https:\/\/api.w.org\/{rel}","templated":true}]}}