{"id":3057,"date":"2019-03-03T16:40:56","date_gmt":"2019-03-03T19:40:56","guid":{"rendered":"http:\/\/vocesdebaires.com.ar\/wordpress\/index.php\/2019\/03\/03\/a-los-88-anos-murio-franco-macri\/"},"modified":"2019-03-03T16:40:56","modified_gmt":"2019-03-03T19:40:56","slug":"a-los-88-anos-murio-franco-macri","status":"publish","type":"post","link":"https:\/\/vocesdebaires.com.ar\/index.php\/2019\/03\/03\/a-los-88-anos-murio-franco-macri\/","title":{"rendered":"A los 88 a\u00f1os muri\u00f3 Franco Macri"},"content":{"rendered":"<p>Franco Macri, padre del presidente de la Naci\u00f3n, muri\u00f3 a los 88 a\u00f1os en su casa de Barrio Parque. Conviv\u00eda con problemas de salud desde hace meses. Naci\u00f3 en Roma en 1930. Era el jefe del grupo de empresas familiar. Cre\u00f3 y manej\u00f3 m\u00e1s de cien empresas. Era un empresario que se expand\u00eda a varias actividades como la construcci\u00f3n, la fabricaci\u00f3n y venta de autom\u00f3viles, el correo, los residuos, el capital financiero, la obra p\u00fablica o los electrodom\u00e9sticos. Movicom, por ejemplo, o Pago F\u00e1cil, o Autopistas del Sol. El jefe de Estado hab\u00eda viajado al mediod\u00eda junto a su esposa Juliana Awada y su hija Antonia a San Mart\u00edn de los Andes para pasar el fin de semana largo. Est\u00e1 regresando a Buenos Aires.<\/p>\n<p>Muri\u00f3 en la noche de ayer s\u00e1bado. Naci\u00f3 el 15 de abril de 1930 en Roma, en la zona del Lazio. Nombre de nacimiento Francesco Ra\u00fal Macri\u00a0, sus \u00a0Padres\u00a0Giorgio Macri  ,Lea Lidia Garbini, sus C\u00f3nyuge Alicia Blanco Villegas (1958\u20131980), Cristina Greffier (1982\u20131986). Hijos: Mauricio ,Sandra (\u2020) ,Alejandra ,Gianfranco ,Mariano ,Florencia .Franco Macri expuso sus ideas a trav\u00e9s de tres libros publicados a partir de la d\u00e9cada del 90.El primero de los escritos, titulado \u201cMacri por Macri\u201d, es una autobiograf\u00eda publicada por Emec\u00e9 en 1997. El segundo libro, que narra sus ideas sobre el pa\u00eds y el empresariado, se titula \u201cEl futuro es posible: mi experiencia como empresario en la Argentina\u201d, y es del a\u00f1o 2004, publicado por Planeta.<\/p>\n<p>Por \u00faltimo, en un tono m\u00e1s intimista, en 2013 public\u00f3 \u201cCharlas con mis nietos\u201d, tambi\u00e9n a trav\u00e9s de Editorial Planeta. So\u00f1\u00f3 a su hijo como un heredero del imperio y su hijo ten\u00eda para s\u00ed mismo otros planes. \u201cNo tenemos una mala relaci\u00f3n. El v\u00ednculo est\u00e1 intacto. Yo soy un hombre abierto que dice lo que piensa. S\u00f3lo nuestras posturas pol\u00edticas son conflictivas&quot;. &quot;Mi relaci\u00f3n con Mauricio es \u00f3ptima. Si alguna vez hubo competencia, aunque nunca fue de forma manifiesta,, eso qued\u00f3 atr\u00e1s. He aprendido mucho de \u00e9l con los a\u00f1os. Sus silencios dicen m\u00e1s que sus palabras. Y con ellos aprend\u00ed a reflexionar. Sobre todo, quiero disfrutar del \u00e9xito de Mauricio durante sus presidencias\u201d.<\/p>\n","protected":false},"excerpt":{"rendered":"<p>Franco Macri, padre del presidente de la Naci\u00f3n, muri\u00f3 a los 88 a\u00f1os en su casa de Barrio Parque. Conviv\u00eda con problemas de salud desde hace meses. Naci\u00f3 en Roma en 1930. Era el jefe del grupo de empresas familiar. Cre\u00f3 y manej\u00f3 m\u00e1s de cien empresas. Era un empresario que se expand\u00eda a varias [&hellip;]<\/p>\n","protected":false},"author":1,"featured_media":3058,"comment_status":"open","ping_status":"open","sticky":false,"template":"","format":"standard","meta":{"_et_pb_use_builder":"","_et_pb_old_content":"","_et_gb_content_width":"","footnotes":""},"categories":[35,12],"tags":[],"class_list":["post-3057","post","type-post","status-publish","format-standard","has-post-thumbnail","hentry","category-gobierno","category-nacion"],"_links":{"self":[{"href":"https:\/\/vocesdebaires.com.ar\/index.php\/wp-json\/wp\/v2\/posts\/3057"}],"collection":[{"href":"https:\/\/vocesdebaires.com.ar\/index.php\/wp-json\/wp\/v2\/posts"}],"about":[{"href":"https:\/\/vocesdebaires.com.ar\/index.php\/wp-json\/wp\/v2\/types\/post"}],"author":[{"embeddable":true,"href":"https:\/\/vocesdebaires.com.ar\/index.php\/wp-json\/wp\/v2\/users\/1"}],"replies":[{"embeddable":true,"href":"https:\/\/vocesdebaires.com.ar\/index.php\/wp-json\/wp\/v2\/comments?post=3057"}],"version-history":[{"count":0,"href":"https:\/\/vocesdebaires.com.ar\/index.php\/wp-json\/wp\/v2\/posts\/3057\/revisions"}],"wp:featuredmedia":[{"embeddable":true,"href":"https:\/\/vocesdebaires.com.ar\/index.php\/wp-json\/wp\/v2\/media\/3058"}],"wp:attachment":[{"href":"https:\/\/vocesdebaires.com.ar\/index.php\/wp-json\/wp\/v2\/media?parent=3057"}],"wp:term":[{"taxonomy":"category","embeddable":true,"href":"https:\/\/vocesdebaires.com.ar\/index.php\/wp-json\/wp\/v2\/categories?post=3057"},{"taxonomy":"post_tag","embeddable":true,"href":"https:\/\/vocesdebaires.com.ar\/index.php\/wp-json\/wp\/v2\/tags?post=3057"}],"curies":[{"name":"wp","href":"https:\/\/api.w.org\/{rel}","templated":true}]}}