{"id":3071,"date":"2019-03-01T03:00:00","date_gmt":"2019-03-01T06:00:00","guid":{"rendered":"http:\/\/vocesdebaires.com.ar\/wordpress\/index.php\/2019\/03\/01\/pami-atencion-afiliados-cerrado-por-carnaval\/"},"modified":"2019-03-01T03:00:00","modified_gmt":"2019-03-01T06:00:00","slug":"pami-atencion-afiliados-cerrado-por-carnaval","status":"publish","type":"post","link":"https:\/\/vocesdebaires.com.ar\/index.php\/2019\/03\/01\/pami-atencion-afiliados-cerrado-por-carnaval\/","title":{"rendered":"PAMI: Atenci\u00f3n afiliados cerrado por  carnaval"},"content":{"rendered":"<p>Con motivo del feriado por la celebraci\u00f3n del Carnaval, los d\u00edas 4 y 5 de marzo, todas las agencias y UGLs del pa\u00eds permanecer\u00e1n cerradas.Ante una emergencia en CABA y GBA, los afiliados deber\u00e1n llamar gratis al 139.Para el resto del pa\u00eds, los afiliados pueden consultar su n\u00famero de emergencia correspondiente ingresando a <a href=&quot;https:\/\/www.pami.org.ar\/emergencias&quot;>https:\/\/www.pami.org.ar\/emergencias<\/a><br \/>Para informes y consultas, podr\u00e1n comunicarse gratis al 138.Las guardias de los efectores propios mantendr\u00e1n su funcionamiento habitual. Para coordinar un traslado programado para el mi\u00e9rcoles 6, se podr\u00eda realizar hasta\u00a0 ayer jueves 28 de febrero.<\/p>\n","protected":false},"excerpt":{"rendered":"<p>Con motivo del feriado por la celebraci\u00f3n del Carnaval, los d\u00edas 4 y 5 de marzo, todas las agencias y UGLs del pa\u00eds permanecer\u00e1n cerradas.Ante una emergencia en CABA y GBA, los afiliados deber\u00e1n llamar gratis al 139.Para el resto del pa\u00eds, los afiliados pueden consultar su n\u00famero de emergencia correspondiente ingresando a https:\/\/www.pami.org.ar\/emergenciasPara informes [&hellip;]<\/p>\n","protected":false},"author":1,"featured_media":653,"comment_status":"open","ping_status":"open","sticky":false,"template":"","format":"standard","meta":{"_et_pb_use_builder":"","_et_pb_old_content":"","_et_gb_content_width":"","footnotes":""},"categories":[11,33],"tags":[],"class_list":["post-3071","post","type-post","status-publish","format-standard","has-post-thumbnail","hentry","category-ciudad","category-sociedad-y-cultura-2"],"_links":{"self":[{"href":"https:\/\/vocesdebaires.com.ar\/index.php\/wp-json\/wp\/v2\/posts\/3071"}],"collection":[{"href":"https:\/\/vocesdebaires.com.ar\/index.php\/wp-json\/wp\/v2\/posts"}],"about":[{"href":"https:\/\/vocesdebaires.com.ar\/index.php\/wp-json\/wp\/v2\/types\/post"}],"author":[{"embeddable":true,"href":"https:\/\/vocesdebaires.com.ar\/index.php\/wp-json\/wp\/v2\/users\/1"}],"replies":[{"embeddable":true,"href":"https:\/\/vocesdebaires.com.ar\/index.php\/wp-json\/wp\/v2\/comments?post=3071"}],"version-history":[{"count":0,"href":"https:\/\/vocesdebaires.com.ar\/index.php\/wp-json\/wp\/v2\/posts\/3071\/revisions"}],"wp:featuredmedia":[{"embeddable":true,"href":"https:\/\/vocesdebaires.com.ar\/index.php\/wp-json\/wp\/v2\/media\/653"}],"wp:attachment":[{"href":"https:\/\/vocesdebaires.com.ar\/index.php\/wp-json\/wp\/v2\/media?parent=3071"}],"wp:term":[{"taxonomy":"category","embeddable":true,"href":"https:\/\/vocesdebaires.com.ar\/index.php\/wp-json\/wp\/v2\/categories?post=3071"},{"taxonomy":"post_tag","embeddable":true,"href":"https:\/\/vocesdebaires.com.ar\/index.php\/wp-json\/wp\/v2\/tags?post=3071"}],"curies":[{"name":"wp","href":"https:\/\/api.w.org\/{rel}","templated":true}]}}