{"id":30745,"date":"2015-11-02T10:33:16","date_gmt":"2015-11-02T13:33:16","guid":{"rendered":"http:\/\/vocesdebaires.com.ar\/wordpress\/index.php\/2015\/11\/02\/el-idolo-que-cambio-los-euros-por-la-gloria\/"},"modified":"2015-11-02T10:33:16","modified_gmt":"2015-11-02T13:33:16","slug":"el-idolo-que-cambio-los-euros-por-la-gloria","status":"publish","type":"post","link":"https:\/\/vocesdebaires.com.ar\/index.php\/2015\/11\/02\/el-idolo-que-cambio-los-euros-por-la-gloria\/","title":{"rendered":"El \u00eddolo que cambi\u00f3 los euros por la gloria"},"content":{"rendered":"<p>\u00a0<br \/>\nCampe\u00f3n del Calcio, de la Copa Italia y sub campe\u00f3n de la Champions League. Carlitos Tevez tuvo un primer semestre del a\u00f1o so\u00f1ado para cualquier jugador. De hecho, su presente llev\u00f3 a la Juventus a ofrecerle un cheque en blanco para que contin\u00fae en Europa. Sin embargo, el amor fue m\u00e1s fuerte. Cuando podr\u00eda haber optado por seguir aumentando su cuenta bancaria en base millones de euros, el delantero opt\u00f3 por volver a su casa y hoy tuvo su premio: un nuevo t\u00edtulo con su Boca querido.<br \/>\n\u201cFui campe\u00f3n en muchos lados pero la sensaci\u00f3n de serlo con Boca es inexplicable\u201d, resumi\u00f3 el apache con una nueva copa en la mano. \u00abPor eso volv\u00ed. Vine para sentir otra vez esta emoci\u00f3n. Es una alegr\u00eda poder disfrutar este campeonato con mi familia y mis compa\u00f1eros\u00bb, agreg\u00f3.Tevez, de 31 a\u00f1os, se incorpor\u00f3 a la campa\u00f1a del campe\u00f3n despu\u00e9s de la Copa Am\u00e9rica Chile 2015, en julio pasado, disput\u00f3 doce partidos y convirti\u00f3 cinco goles, pero fundamentalmente signific\u00f3 un revulsivo an\u00edmico y futbol\u00edstico para un equipo que no terminaba de convencer en el juego.<br \/>\n\u00abEspero que este sea el renacer de Boca y el primero de muchos t\u00edtulos que pueda festejar con esta camiseta\u00bb, remat\u00f3 el delantero, que el mi\u00e9rcoles tendr\u00e1 la chance de sumar un nuevo t\u00edtulo en la final de la Copa Argentina ante Rosario Central.<br \/>\n\u00a0<br \/>\nFOTO:peru.com<\/p>\n","protected":false},"excerpt":{"rendered":"<p>\u00a0 Campe\u00f3n del Calcio, de la Copa Italia y sub campe\u00f3n de la Champions League. Carlitos Tevez tuvo un primer semestre del a\u00f1o so\u00f1ado para cualquier jugador. De hecho, su presente llev\u00f3 a la Juventus a ofrecerle un cheque en blanco para que contin\u00fae en Europa. Sin embargo, el amor fue m\u00e1s fuerte. Cuando podr\u00eda [&hellip;]<\/p>\n","protected":false},"author":2,"featured_media":30746,"comment_status":"open","ping_status":"open","sticky":false,"template":"","format":"standard","meta":{"_et_pb_use_builder":"","_et_pb_old_content":"","_et_gb_content_width":"","footnotes":""},"categories":[39,14],"tags":[],"class_list":["post-30745","post","type-post","status-publish","format-standard","has-post-thumbnail","hentry","category-1o-division-a","category-deportes"],"_links":{"self":[{"href":"https:\/\/vocesdebaires.com.ar\/index.php\/wp-json\/wp\/v2\/posts\/30745"}],"collection":[{"href":"https:\/\/vocesdebaires.com.ar\/index.php\/wp-json\/wp\/v2\/posts"}],"about":[{"href":"https:\/\/vocesdebaires.com.ar\/index.php\/wp-json\/wp\/v2\/types\/post"}],"author":[{"embeddable":true,"href":"https:\/\/vocesdebaires.com.ar\/index.php\/wp-json\/wp\/v2\/users\/2"}],"replies":[{"embeddable":true,"href":"https:\/\/vocesdebaires.com.ar\/index.php\/wp-json\/wp\/v2\/comments?post=30745"}],"version-history":[{"count":0,"href":"https:\/\/vocesdebaires.com.ar\/index.php\/wp-json\/wp\/v2\/posts\/30745\/revisions"}],"wp:featuredmedia":[{"embeddable":true,"href":"https:\/\/vocesdebaires.com.ar\/index.php\/wp-json\/wp\/v2\/media\/30746"}],"wp:attachment":[{"href":"https:\/\/vocesdebaires.com.ar\/index.php\/wp-json\/wp\/v2\/media?parent=30745"}],"wp:term":[{"taxonomy":"category","embeddable":true,"href":"https:\/\/vocesdebaires.com.ar\/index.php\/wp-json\/wp\/v2\/categories?post=30745"},{"taxonomy":"post_tag","embeddable":true,"href":"https:\/\/vocesdebaires.com.ar\/index.php\/wp-json\/wp\/v2\/tags?post=30745"}],"curies":[{"name":"wp","href":"https:\/\/api.w.org\/{rel}","templated":true}]}}