{"id":3076,"date":"2019-11-13T03:00:00","date_gmt":"2019-11-13T06:00:00","guid":{"rendered":"http:\/\/vocesdebaires.com.ar\/wordpress\/index.php\/2019\/11\/13\/plaza-roma-recupera-todo-su-esplendor\/"},"modified":"2019-11-13T03:00:00","modified_gmt":"2019-11-13T06:00:00","slug":"plaza-roma-recupera-todo-su-esplendor","status":"publish","type":"post","link":"https:\/\/vocesdebaires.com.ar\/index.php\/2019\/11\/13\/plaza-roma-recupera-todo-su-esplendor\/","title":{"rendered":"Plaza Roma: Recupera todo su esplendor"},"content":{"rendered":"<p>La emblem\u00e1tica Plaza Roma, ubicada sobre la avenida Alem en el bajo porte\u00f1o recuper\u00f3 todo su esplendor. Despu\u00e9s de haber estado durante casi 10 a\u00f1os afectada por las obras de ampliaci\u00f3n de la l\u00ednea E del subte y del Metrobus, se retir\u00f3 el obrador que ocupaba parte de su espacio, la Ciudad reparquiz\u00f3 el lugar y, en esta \u00faltima etapa del proyecto, incorpor\u00f3 mobiliario urbano de dise\u00f1o, luminarias, mesas de ping pong, nuevas veredas, \u00e1rboles, vegetaci\u00f3n, un sistema de riego automatizado y 1700 m2 de superficie absorbente. \u201cJunto a la Comuna 1 hemos recuperado un espacio en el que ha transcurrido la vida de m\u00e1s de cuatro generaciones de porte\u00f1os, es un hito para celebrar y disfrutar con los vecinos\u201d, afirm\u00f3 Facundo Carrillo, secretario de Atenci\u00f3n y Gesti\u00f3n Ciudadana, responsable del \u00e1rea que coordin\u00f3 las obras. \u201cHoy la plaza luce radiante y conserva su identidad como patrimonio vivo de la Ciudad\u201d, agreg\u00f3.<\/p>\n<p>En esta segunda etapa del proyecto, se reconstruyeron las veredas y los senderos con solado intertrabado para que la plaza pueda ser accesible para todos los vecinos. Se parquizaron 1700 m2 para incrementar la superficie verde absorbente y se plantaron c\u00e9sped, vegetaci\u00f3n nativa y \u00e1rboles. Tambi\u00e9n se instal\u00f3 un sistema de riego automatizado para su conservaci\u00f3n.Adem\u00e1s, se reemplazaron los deteriorados bancos de estilo romano por mobiliario urbano sustentable, con dise\u00f1o org\u00e1nico para brindar mayor comodidad y se sumaron mesas, se instalaron luminarias en diferentes sectores, por ejemplo en los senderos y en los nuevos bancos, y se incorporaron tres mesas de ping pong para aumentar el disfrute saludable del espacio p\u00fablico.<\/p>\n<p>La plaza posee un gran valor patrimonial para los porte\u00f1os por su historia y su ubicaci\u00f3n estrat\u00e9gica en el centro de la Ciudad. Fue fundada en 1875 como Plaza Giuseppe Mazzini, en honor al pol\u00edtico italiano cuya estatua se erige en el espacio verde, y desde entonces se convirti\u00f3 en uno de los lugares m\u00edticos de Buenos Aires siendo, por ejemplo, retratada por Jorge Luis Borges en el poema Paseo de Julio de \u201cCuaderno San Mart\u00edn&quot;. Hoy el espacio verde, que supera una hect\u00e1rea de extensi\u00f3n, est\u00e1 rodeado de edificios como La Torre Bouchard, el dise\u00f1ado por C\u00e9sar Pelli llamado Rep\u00fablica, y el Bouchard Plaza construido sobre la estructura del ex diario La Naci\u00f3n. Al horario del almuerzo pueden verse a los oficinistas que trabajan por la zona comiendo al aire libre, tomando sol y disfrutando de la naturaleza.<\/p>\n<p>Franco tiene 23 a\u00f1os y trabaja en el sector contable de una firma en la avenida Corrientes y San Mart\u00edn, a cuatro cuadras de Plaza Roma. Vestido de traje y camisa, descansa acostado sobre el c\u00e9sped. \u201cEs la primera vez que vengo a comer y tirarme un ratito. Antes, era un desastre. Ven\u00eda a tomar el colectivo ac\u00e1 y estaba todo roto y lleno de tierra\u201d, explica. Es que la plaza estuvo afectada por casi 10 a\u00f1os por las obras de ampliaci\u00f3n de la l\u00ednea E del subte y del Metrobus. Durante ese per\u00edodo de tiempo, un obrador ocupaba casi un 20% del espacio verde. \u201cAhora, \u00a1mir\u00e1 lo que es el pasto!\u201d, se\u00f1ala desperez\u00e1ndose.<\/p>\n<p>Cerca de \u00e9l, tres chicas comen sentadas sobre una lona colorida. Son empleadas administrativas en una de las empresas ubicadas alrededor de la plaza y, a menos de que llueva, no cambian su almuerzo al aire libre por nada. \u201cHay mucho espacio verde y eso se disfruta mucho\u201d, explica Antonela mientras come su ensalada de tomate y palta. Una de sus amigas, Aylen, cuenta que en la oficina sus compa\u00f1eros armaron torneos de ping pong que se disputan en las reci\u00e9n estrenadas mesas. \u201cSi ven\u00eds ac\u00e1 cualquier d\u00eda de la semana cerca de las 18h los vas a ver jugando\u201d, comenta.<br \/>Es mediod\u00eda y el sol golpea sin clemencia al igual que las paletas al impactar contra la pelota.<\/p>\n<p>\u201cLa plaza es muy bonita y completa. Pod\u00e9s descansar, hacer ejercicio, distraerte. Las mesas de ping pong est\u00e1n buen\u00edsimas\u201d, cuenta Jhoel entre jadeos segundos despu\u00e9s de terminar un partido de tenis de mesa. Es venezolano y hace tres d\u00edas que es empleado de una corporaci\u00f3n con sede por el \u00e1rea. La incorporaci\u00f3n de las mesas de ping pong, el mobiliario de dise\u00f1o para comer y tomar sol, y la presencia los jueves de los puestos de las Ferias de la Ciudad son algunas de las novedades m\u00e1s comentadas entre el p\u00fablico asiduo. Pero m\u00e1s all\u00e1 de estas incorporaciones, el proyecto de recuperaci\u00f3n respet\u00f3 la identidad del espacio y revaloriz\u00f3 a sus hist\u00f3ricos protagonistas: el monumento de Giuseppe Mazzini y el omb\u00fa.<\/p>\n<p>C\u00e9sar est\u00e1 sentado en la sombra del m\u00edtico \u00e1rbol. \u201cPoder estar as\u00ed, al aire libre, almorzando algo y no encerrado en una oficina o un subsuelo es piola\u201d, comenta el electromec\u00e1nico de 49 a\u00f1os que trabaja como contratista en una empresa. Cuando est\u00e1 por la zona con sus compa\u00f1eros comen siempre en la plaza. &quot;Justo pensaba que el valor de un espacio como este es incalculable para la gente de la zona. Es necesario tomarse un tiempo para relajarse y respirar en medio de la jornada laboral. Y hacerlo ac\u00e1, con todas estas flores, te genera una sensaci\u00f3n de alegr\u00eda\u201d, explica Victoria, una empleada bancaria de 44 a\u00f1os que disfruta de uno de los bancos nuevos de cemento y madera. \u201cSi se toma esta plaza como modelo para replicar en otros lugares, Buenos Aires va a estar cada vez m\u00e1s linda\u201d, afirma.<\/p>\n<p>Es que la obra cambi\u00f3 la fisonom\u00eda del barrio. Guido, un programador de 25 a\u00f1os, trabaja justo enfrente del espacio verde y lo describe de forma simple: \u201cDesde nuestros escritorios tenemos vista a la plaza y es incre\u00edble poder disfrutar visualmente de este paisaje mientras trabajamos&quot;. Carlos, un jubilado de 66 a\u00f1os, hace 40 a\u00f1os trabajaba como cadete por la zona y sol\u00eda frecuentar la Plaza Roma. \u201cNo ven\u00eda desde entonces. Ten\u00eda que hacer tiempo por unos tr\u00e1mites y me acerqu\u00e9. Antes era menos concurrida y ven\u00eda otro tipo de gente. Est\u00e1 muy cambiada y arreglada. Las plantas y los canteros est\u00e1n muy bien cuidados. No hay basura. Es una hermosura. Es otra Ciudad\u201d, comenta asombrado.<\/p>\n<p>Plaza Roma, el resultado de trabajar en equipo con los vecinos<br \/>En 2017, desde el \u00e1rea de Participaci\u00f3n Ciudadana se consult\u00f3 a los vecinos de la Comuna 1 para ver qu\u00e9 cre\u00edan que deb\u00eda hacerse para mejorar la Plaza Roma. Por medio de redes sociales, correo electr\u00f3nicos y acciones en territorio durante 7 d\u00edas corridos se lleg\u00f3 a recibir 578 propuestas de 236 vecinos que participaron activamente. Los cinco aspectos m\u00e1s solicitados por los vecinos fueron: iluminaci\u00f3n, mobiliario urbano, arbolado y superficie verde, seguridad y reparaci\u00f3n de veredas. Se prioriz\u00f3 lo que los vecinos necesitaban con esta obra que signific\u00f3 un incremento de m\u00e1s del 30% de la cantidad de luminarias y un 90 % del mobiliario urbano; un aumento de 4000 m2 de superficie verde, 2340 m2 de vereda construida a nuevo, 12 nuevos \u00e1rboles, y guarda parques integrados al sistema de seguridad de lunes o domingos.<\/p>\n","protected":false},"excerpt":{"rendered":"<p>La emblem\u00e1tica Plaza Roma, ubicada sobre la avenida Alem en el bajo porte\u00f1o recuper\u00f3 todo su esplendor. Despu\u00e9s de haber estado durante casi 10 a\u00f1os afectada por las obras de ampliaci\u00f3n de la l\u00ednea E del subte y del Metrobus, se retir\u00f3 el obrador que ocupaba parte de su espacio, la Ciudad reparquiz\u00f3 el lugar [&hellip;]<\/p>\n","protected":false},"author":1,"featured_media":3077,"comment_status":"open","ping_status":"open","sticky":false,"template":"","format":"standard","meta":{"_et_pb_use_builder":"","_et_pb_old_content":"","_et_gb_content_width":"","footnotes":""},"categories":[11,32],"tags":[],"class_list":["post-3076","post","type-post","status-publish","format-standard","has-post-thumbnail","hentry","category-ciudad","category-comunas"],"_links":{"self":[{"href":"https:\/\/vocesdebaires.com.ar\/index.php\/wp-json\/wp\/v2\/posts\/3076"}],"collection":[{"href":"https:\/\/vocesdebaires.com.ar\/index.php\/wp-json\/wp\/v2\/posts"}],"about":[{"href":"https:\/\/vocesdebaires.com.ar\/index.php\/wp-json\/wp\/v2\/types\/post"}],"author":[{"embeddable":true,"href":"https:\/\/vocesdebaires.com.ar\/index.php\/wp-json\/wp\/v2\/users\/1"}],"replies":[{"embeddable":true,"href":"https:\/\/vocesdebaires.com.ar\/index.php\/wp-json\/wp\/v2\/comments?post=3076"}],"version-history":[{"count":0,"href":"https:\/\/vocesdebaires.com.ar\/index.php\/wp-json\/wp\/v2\/posts\/3076\/revisions"}],"wp:featuredmedia":[{"embeddable":true,"href":"https:\/\/vocesdebaires.com.ar\/index.php\/wp-json\/wp\/v2\/media\/3077"}],"wp:attachment":[{"href":"https:\/\/vocesdebaires.com.ar\/index.php\/wp-json\/wp\/v2\/media?parent=3076"}],"wp:term":[{"taxonomy":"category","embeddable":true,"href":"https:\/\/vocesdebaires.com.ar\/index.php\/wp-json\/wp\/v2\/categories?post=3076"},{"taxonomy":"post_tag","embeddable":true,"href":"https:\/\/vocesdebaires.com.ar\/index.php\/wp-json\/wp\/v2\/tags?post=3076"}],"curies":[{"name":"wp","href":"https:\/\/api.w.org\/{rel}","templated":true}]}}