{"id":3080,"date":"2019-11-12T03:00:00","date_gmt":"2019-11-12T06:00:00","guid":{"rendered":"http:\/\/vocesdebaires.com.ar\/wordpress\/index.php\/2019\/11\/12\/construir-edificios-sobre-el-parque-espana\/"},"modified":"2019-11-12T03:00:00","modified_gmt":"2019-11-12T06:00:00","slug":"construir-edificios-sobre-el-parque-espana","status":"publish","type":"post","link":"https:\/\/vocesdebaires.com.ar\/index.php\/2019\/11\/12\/construir-edificios-sobre-el-parque-espana\/","title":{"rendered":"Construir edificios sobre el Parque Espa\u00f1a"},"content":{"rendered":"<p>El Juzgado de Primera Instancia en lo Contencioso Administrativo y Tributario N\u00b014 de la Ciudad Aut\u00f3noma de Buenos Aires, sito en Av. De Mayo 654, Piso 1\u00b0 de la CABA, a cargo del Dr. Lisandro E. Fastman, Secretaria N\u00b027 a cargo de la Dra. Mar\u00eda Agustina Ort\u00edz Loizaga, de conformidad con lo previsto en los arts. 129 y 130 del C\u00f3digo Contencioso Administrativo y Tributario de la CABA (CCAyT; Ley 189) y en el marco del expediente Asociaci\u00f3n Civil Observatorio del Derecho a la Ciudad contra GCBA sobre Amparo Ambiental (Numero: EXP 9213\/2019-0), cita y emplaza por el t\u00e9rmino de 10 (diez) d\u00edas h\u00e1biles judiciales a contar desde la \u00faltima publicaci\u00f3n del presente, a todos aquellos interesados, a efectos de que si as\u00ed lo desean puedan presentarse y tomar participaci\u00f3n en la causa. El expediente se hallar\u00e1 disponible en Secretar\u00eda para que pueda ser consultado durante el lapso indicado. Las eventuales presentaciones de los miembros del grupo ser\u00e1n admitidas solamente si aportan una argumentaci\u00f3n propia es decir, que proporcione nuevos fundamentos a favor o en contra de la pretensi\u00f3n cuyo contenido persuada a este estrado de que su incorporaci\u00f3n supone una contribuci\u00f3n sustancial al desarrollo del proceso por su pertinencia al objeto del debate y su relevancia para la decisi\u00f3n del caso.<\/p>\n<p>A tal fin se hace saber que el objeto de la pretensi\u00f3n consiste en que a) Se ordene que no se implemente el proyecto Parque de la Cultura en lo que respecta a la construcci\u00f3n de edificios e instalaciones dentro del pol\u00edgono del Parque Espa\u00f1a; y que no se construya ning\u00fan edificio que no cuente con autorizaci\u00f3n legislativa sabre el Parque Espa\u00f1a y sea incompatible con\u00a0 los caracteres de los espacios verdes p\u00fablicos. b) Se declare la nulidad de la Resoluci\u00f3n N\u00b067\/2019 dictada en el Expediente N\u00b0EX2019-20698045-GCABA-DGPAR y de la Licitaci\u00f3n P\u00fablica N\u00b0548\/2019 por autorizar e impulsar la construcci\u00f3n de edificios sobre el Parque Espa\u00f1a, sin autorizaci\u00f3n legislativa. c) Se ordene la recomposici\u00f3n ambiental del Parque Espa\u00f1a en el caso de\u00a0 que avance la construcci\u00f3n de los edificios del proyecto Parque de la Cultura. d) Se ordene la elaboraci\u00f3n e implementaci\u00f3n de un Plan de Manejo del Parque Espa\u00f1a que tenga por objeto su puesta en valor y preservaci\u00f3n democr\u00e1tico que otorgue participaci\u00f3n real a los distintos habitantes y colectivos interesados y al Consejo Consultivo de la Comuna N\u00b04 (Art. 9, incisos 1 Ambiental, art. 1 y 27 de la CCABA, 4121).<\/p>\n","protected":false},"excerpt":{"rendered":"<p>El Juzgado de Primera Instancia en lo Contencioso Administrativo y Tributario N\u00b014 de la Ciudad Aut\u00f3noma de Buenos Aires, sito en Av. De Mayo 654, Piso 1\u00b0 de la CABA, a cargo del Dr. Lisandro E. Fastman, Secretaria N\u00b027 a cargo de la Dra. Mar\u00eda Agustina Ort\u00edz Loizaga, de conformidad con lo previsto en los [&hellip;]<\/p>\n","protected":false},"author":1,"featured_media":3081,"comment_status":"open","ping_status":"open","sticky":false,"template":"","format":"standard","meta":{"_et_pb_use_builder":"","_et_pb_old_content":"","_et_gb_content_width":"","footnotes":""},"categories":[11,32],"tags":[],"class_list":["post-3080","post","type-post","status-publish","format-standard","has-post-thumbnail","hentry","category-ciudad","category-comunas"],"_links":{"self":[{"href":"https:\/\/vocesdebaires.com.ar\/index.php\/wp-json\/wp\/v2\/posts\/3080"}],"collection":[{"href":"https:\/\/vocesdebaires.com.ar\/index.php\/wp-json\/wp\/v2\/posts"}],"about":[{"href":"https:\/\/vocesdebaires.com.ar\/index.php\/wp-json\/wp\/v2\/types\/post"}],"author":[{"embeddable":true,"href":"https:\/\/vocesdebaires.com.ar\/index.php\/wp-json\/wp\/v2\/users\/1"}],"replies":[{"embeddable":true,"href":"https:\/\/vocesdebaires.com.ar\/index.php\/wp-json\/wp\/v2\/comments?post=3080"}],"version-history":[{"count":0,"href":"https:\/\/vocesdebaires.com.ar\/index.php\/wp-json\/wp\/v2\/posts\/3080\/revisions"}],"wp:featuredmedia":[{"embeddable":true,"href":"https:\/\/vocesdebaires.com.ar\/index.php\/wp-json\/wp\/v2\/media\/3081"}],"wp:attachment":[{"href":"https:\/\/vocesdebaires.com.ar\/index.php\/wp-json\/wp\/v2\/media?parent=3080"}],"wp:term":[{"taxonomy":"category","embeddable":true,"href":"https:\/\/vocesdebaires.com.ar\/index.php\/wp-json\/wp\/v2\/categories?post=3080"},{"taxonomy":"post_tag","embeddable":true,"href":"https:\/\/vocesdebaires.com.ar\/index.php\/wp-json\/wp\/v2\/tags?post=3080"}],"curies":[{"name":"wp","href":"https:\/\/api.w.org\/{rel}","templated":true}]}}