{"id":3090,"date":"2019-11-12T03:00:00","date_gmt":"2019-11-12T06:00:00","guid":{"rendered":"http:\/\/vocesdebaires.com.ar\/wordpress\/index.php\/2019\/11\/12\/escobarestaciones-bicicletas-y-es-pago\/"},"modified":"2019-11-12T03:00:00","modified_gmt":"2019-11-12T06:00:00","slug":"escobarestaciones-bicicletas-y-es-pago","status":"publish","type":"post","link":"https:\/\/vocesdebaires.com.ar\/index.php\/2019\/11\/12\/escobarestaciones-bicicletas-y-es-pago\/","title":{"rendered":"Escobar:Estaciones bicicletas y es pago"},"content":{"rendered":"<p>Para fomentar una alternativa de transporte m\u00e1s saludable y ecol\u00f3gica, en Escobar hab\u00edan lanzado un sistema integral de bicicletas p\u00fablicas como el que funciona en Capital. Se hicieron las pruebas piloto durante tres meses los fines de semana, con cuatro puestos de 10 bicis en Ingeniero Maschwitz, sobre el Parque Papa Francisco, la Granja Don Benito, el Polo de Educaci\u00f3n Superior y Recreo La Arenera, donde los vecinos las retiraban con su DNI. Pero ahora lleg\u00f3 la hora de la verdad y, con 30 terminales m\u00e1s, cubren puntos estrat\u00e9gicos de Maschwitz, Gar\u00edn y Bel\u00e9n de Escobar. Y con m\u00e1s de 200 bicicletas disponibles, quienes quieran usarlas desde este mes deben pagar por el servicio.<\/p>\n<p>Ahora, los usuarios pueden usar la aplicaci\u00f3n m\u00f3vil Escobar Florece para destrabar las bicis con un c\u00f3digo QR y realizar la \u201c\u00faltima milla\u201d, ese tramo que el tren y el colectivo no cubre. Seg\u00fan Clar\u00edn, cada \u201cviaje\u201d tiene una duraci\u00f3n m\u00e1xima de una hora, que puede extenderse diez minutos m\u00e1ximo. Una vez terminado el plazo, se recibe una alerta por mail. Algo importante: ya no funcionan con horario restringido de viernes a domingo, sino que est\u00e1n a toda hora al servicio de los vecinos. Los 30 lugares para las estaciones fueron seleccionados de acuerdo a la demanda tur\u00edstica.<\/p>\n<p>Est\u00e1n a una distancia de hasta 500 metros entre s\u00ed. Gar\u00edn cuenta con 9 puestos, uno en la estaci\u00f3n ferroviaria de Presidente Per\u00f3n por la gran afluencia de p\u00fablico; Maschwitz tiene 6, uno estrat\u00e9gico en la Plaza Emilio Mitre, en Villanueva y La Plata, donde hay escuelas y una zona comercial; y en Bel\u00e9n de Escobar hay 15, una de ellas, por ejemplo, en la concurrida Plaza Am\u00e9rica Latina. De manera gradual se fue llegando a incorporar m\u00e1s de 200 unidades. Adem\u00e1s de estar monitoreadas, lo cual permite ver las que est\u00e1n disponibles a trav\u00e9s de la aplicaci\u00f3n, hay un equipo con la misi\u00f3n de compensar la cantidad de bicis en las terminales.<\/p>\n<p>\u201cCada bicicleta hizo un promedio de 12 viajes y ya son m\u00e1s de 2.100 los usuarios registrados\u201d, asegura Ver\u00f3nica Sabena, directora de Transporte, Tr\u00e1nsito y Seguridad Vial de Escobar, quien recalca la tecnolog\u00eda de las bicicletas, que cuentan con una pantalla solar para activar el candado electr\u00f3nico; se recargan las luces al pedalear; y cuentan con un sistema antivand\u00e1lico. Y agrega: \u201cLa idea es seguir ampliando el programa llamado \u201cLas Bicis\u201d para seguir interconectando las localidades.<\/p>\n<p>La iniciativa prev\u00e9 ser un servicio pago a partir de noviembre, el abono tendr\u00e1 un costo menor al boleto m\u00ednimo comunal: $9 la hora, $18 el d\u00eda, $270 el mes, $1.440 el semestre y $2.700 el pase anual. &quot;Es una herramienta incre\u00edble que nos beneficia mucho. Acorta distancias y agiliza los tiempos\u201d, afirma Mariela D\u00edaz, vecina de Matheu. Por su lado, Augusto Montes, de Gar\u00edn, se suma: \u201cAdem\u00e1s de los beneficios de hacer actividad f\u00edsica, es un medio de transporte ecol\u00f3gico\u201d.<\/p>\n<p>Ubicaciones<br \/>Bel\u00e9n de Escobar<br \/>Independencia en los cruces con Colectora Este y con Travi; Tapia de Cruz 1280, y en loas esquinas de Col\u00f3n y de Yrigoyen. Pellegrini y C\u00e9sar D\u00edaz; Sarmiento en lo cruces con Del Bosque y Paseo de Julio; Travi entre Col\u00f3n y Rivadavia; avenida 25 de Mayo 459; Lazaristas y General Las Heras; Estrada 125, El Cazador 1 y El Cazador 2.<\/p>\n<p>Gar\u00edn<br \/>Avenida Belgrano en los cruces con Jos\u00e9 Hern\u00e1ndez, Per\u00f3n y con Padre Perna; 2 de Abril y Concejal Larroca; Boulevard Per\u00f3n altura 117, 380, 777, y 963; y Fructuoso D\u00edaz y San Mart\u00edn.<\/p>\n<p>Ingeniero Maschwitz<br \/>Villanueva a la altura de Santiago del Estero, de La Plata y de El Dorado. Tambi\u00e9n en Mendoza y Entre R\u00edos; El Dorado y Colectora Este, y Ruta 26 y Colectora Este.<\/p>\n","protected":false},"excerpt":{"rendered":"<p>Para fomentar una alternativa de transporte m\u00e1s saludable y ecol\u00f3gica, en Escobar hab\u00edan lanzado un sistema integral de bicicletas p\u00fablicas como el que funciona en Capital. Se hicieron las pruebas piloto durante tres meses los fines de semana, con cuatro puestos de 10 bicis en Ingeniero Maschwitz, sobre el Parque Papa Francisco, la Granja Don [&hellip;]<\/p>\n","protected":false},"author":1,"featured_media":3091,"comment_status":"open","ping_status":"open","sticky":false,"template":"","format":"standard","meta":{"_et_pb_use_builder":"","_et_pb_old_content":"","_et_gb_content_width":"","footnotes":""},"categories":[34,13],"tags":[],"class_list":["post-3090","post","type-post","status-publish","format-standard","has-post-thumbnail","hentry","category-politica","category-provincia"],"_links":{"self":[{"href":"https:\/\/vocesdebaires.com.ar\/index.php\/wp-json\/wp\/v2\/posts\/3090"}],"collection":[{"href":"https:\/\/vocesdebaires.com.ar\/index.php\/wp-json\/wp\/v2\/posts"}],"about":[{"href":"https:\/\/vocesdebaires.com.ar\/index.php\/wp-json\/wp\/v2\/types\/post"}],"author":[{"embeddable":true,"href":"https:\/\/vocesdebaires.com.ar\/index.php\/wp-json\/wp\/v2\/users\/1"}],"replies":[{"embeddable":true,"href":"https:\/\/vocesdebaires.com.ar\/index.php\/wp-json\/wp\/v2\/comments?post=3090"}],"version-history":[{"count":0,"href":"https:\/\/vocesdebaires.com.ar\/index.php\/wp-json\/wp\/v2\/posts\/3090\/revisions"}],"wp:featuredmedia":[{"embeddable":true,"href":"https:\/\/vocesdebaires.com.ar\/index.php\/wp-json\/wp\/v2\/media\/3091"}],"wp:attachment":[{"href":"https:\/\/vocesdebaires.com.ar\/index.php\/wp-json\/wp\/v2\/media?parent=3090"}],"wp:term":[{"taxonomy":"category","embeddable":true,"href":"https:\/\/vocesdebaires.com.ar\/index.php\/wp-json\/wp\/v2\/categories?post=3090"},{"taxonomy":"post_tag","embeddable":true,"href":"https:\/\/vocesdebaires.com.ar\/index.php\/wp-json\/wp\/v2\/tags?post=3090"}],"curies":[{"name":"wp","href":"https:\/\/api.w.org\/{rel}","templated":true}]}}