{"id":31022,"date":"2015-12-01T10:45:12","date_gmt":"2015-12-01T13:45:12","guid":{"rendered":"http:\/\/vocesdebaires.com.ar\/wordpress\/index.php\/2015\/12\/01\/la-transparencia-otro-punto-de-conflicto-en-afa\/"},"modified":"2015-12-01T10:45:12","modified_gmt":"2015-12-01T13:45:12","slug":"la-transparencia-otro-punto-de-conflicto-en-afa","status":"publish","type":"post","link":"https:\/\/vocesdebaires.com.ar\/index.php\/2015\/12\/01\/la-transparencia-otro-punto-de-conflicto-en-afa\/","title":{"rendered":"La transparencia, otro punto de conflicto en AFA"},"content":{"rendered":"<p>\u00a0<br \/>\nCada vez falta menos, los candidatos van tachando los d\u00edas rumbo a las elecciones de la AFA, que se realizar\u00e1n el jueves a las 19 en Ezeiza. Y en la recta final ambos postulantes juegan al filo para una votaci\u00f3n que se presenta pareja. Claro, jugar al filo no es hacerlo por fuera de las reglas. Por eso, Marcelo Tinelli le pidi\u00f3 a Luis Segura que garantice que la Asamblea Extraordinaria sea cristalina. \u201cYa habl\u00e9 con Tinelli y le manifest\u00e9 que me imaginaba que \u00e9l, como abanderado de la transparencia, entiende que la elecci\u00f3n debe ser como lo dice el estatuto y no como quiera el candidato\u201d, contraatac\u00f3 Luis Segura, titular de la entidad.<br \/>\n\u201cLa votaci\u00f3n tiene que ser con el sobre cerrado en un cuarto oscuro. Y si no quiere poner nada adentro del sobre, que no ponga nada. No embarremos la cancha diciendo que puede haber fraude\u201d, reclam\u00f3 el hombre de Argentinos, testigo directo de los manejos del fallecido Julio Grondona. \u00bfCu\u00e1l es el punto m\u00e1s conflictivo? Adem\u00e1s de diferencias en la modalidad del escrutinio (sobre cerrado o mano alzada), el conductor teme que el oficialismo cambie a algunos de los 75 asamble\u00edstas para arrancarle valiosos avales.<br \/>\n\u201cS\u00f3lo espero que los 45 directivos que me apoyan puedan votar libre y democr\u00e1ticamente\u201d, dijo el domingo el vice primero de San Lorenzo y vice tercero de la AFA. Debido a esa sospecha, el Cabez\u00f3n le pidi\u00f3 asesoramiento al ex ministro de Justicia Ricardo Gil Lavedra, uno de los impulsores de la reinterpretaci\u00f3n del reglamento para que se pueda presentar a los comicios. Y ayer, en su ajetreada jornada, convers\u00f3 con Segura para tratar el delicado punto rumbo a las elecciones.<br \/>\nLa actual dirigencia sali\u00f3 con los tapones de punta. \u201cVotan 75 personas y el que no est\u00e1 presente no es reemplazado, d\u00f3nde va a estar el fraude? Me parece una posici\u00f3n rid\u00edcula\u201d, se descarg\u00f3 Segura. \u201cNo pueden poner en duda la democracia en AFA cuando se cambi\u00f3 el estatuto para que un dirigente con un d\u00eda en su cargo se pueda presentar\u201d, complet\u00f3 Chiqui Tapia, vice segundo de la entidad y titular de Barracas Central, en FM Delta. Desde el entorno de Segura tambi\u00e9n habl\u00f3 Daniel Angelici, que desminti\u00f3 un volantazo de \u00faltimo momento. Tras publicar un comunicado en el que se ubic\u00f3 \u201ca favor del cambio\u201d, el presidente de Boca ratific\u00f3 ayer su elecci\u00f3n: \u201cNo entiendo cu\u00e1l es la duda, hace un tiempo expres\u00e9 que vamos a votar a Luis\u201d.<\/p>\n","protected":false},"excerpt":{"rendered":"<p>\u00a0 Cada vez falta menos, los candidatos van tachando los d\u00edas rumbo a las elecciones de la AFA, que se realizar\u00e1n el jueves a las 19 en Ezeiza. Y en la recta final ambos postulantes juegan al filo para una votaci\u00f3n que se presenta pareja. Claro, jugar al filo no es hacerlo por fuera de [&hellip;]<\/p>\n","protected":false},"author":2,"featured_media":31023,"comment_status":"open","ping_status":"open","sticky":false,"template":"","format":"standard","meta":{"_et_pb_use_builder":"","_et_pb_old_content":"","_et_gb_content_width":"","footnotes":""},"categories":[39,14],"tags":[],"class_list":["post-31022","post","type-post","status-publish","format-standard","has-post-thumbnail","hentry","category-1o-division-a","category-deportes"],"_links":{"self":[{"href":"https:\/\/vocesdebaires.com.ar\/index.php\/wp-json\/wp\/v2\/posts\/31022"}],"collection":[{"href":"https:\/\/vocesdebaires.com.ar\/index.php\/wp-json\/wp\/v2\/posts"}],"about":[{"href":"https:\/\/vocesdebaires.com.ar\/index.php\/wp-json\/wp\/v2\/types\/post"}],"author":[{"embeddable":true,"href":"https:\/\/vocesdebaires.com.ar\/index.php\/wp-json\/wp\/v2\/users\/2"}],"replies":[{"embeddable":true,"href":"https:\/\/vocesdebaires.com.ar\/index.php\/wp-json\/wp\/v2\/comments?post=31022"}],"version-history":[{"count":0,"href":"https:\/\/vocesdebaires.com.ar\/index.php\/wp-json\/wp\/v2\/posts\/31022\/revisions"}],"wp:featuredmedia":[{"embeddable":true,"href":"https:\/\/vocesdebaires.com.ar\/index.php\/wp-json\/wp\/v2\/media\/31023"}],"wp:attachment":[{"href":"https:\/\/vocesdebaires.com.ar\/index.php\/wp-json\/wp\/v2\/media?parent=31022"}],"wp:term":[{"taxonomy":"category","embeddable":true,"href":"https:\/\/vocesdebaires.com.ar\/index.php\/wp-json\/wp\/v2\/categories?post=31022"},{"taxonomy":"post_tag","embeddable":true,"href":"https:\/\/vocesdebaires.com.ar\/index.php\/wp-json\/wp\/v2\/tags?post=31022"}],"curies":[{"name":"wp","href":"https:\/\/api.w.org\/{rel}","templated":true}]}}