{"id":3105,"date":"2019-11-08T03:00:00","date_gmt":"2019-11-08T06:00:00","guid":{"rendered":"http:\/\/vocesdebaires.com.ar\/wordpress\/index.php\/2019\/11\/08\/bajo-flores-denominan-barrio-padre-ricciardelli\/"},"modified":"2019-11-08T03:00:00","modified_gmt":"2019-11-08T06:00:00","slug":"bajo-flores-denominan-barrio-padre-ricciardelli","status":"publish","type":"post","link":"https:\/\/vocesdebaires.com.ar\/index.php\/2019\/11\/08\/bajo-flores-denominan-barrio-padre-ricciardelli\/","title":{"rendered":"Bajo Flores: Denominan Barrio Padre Ricciardelli"},"content":{"rendered":"<p>Mediante una ley aprobada por unanimidad en segunda lectura el Cuerpo Parlamentario de la Ciudad Aut\u00f3noma de Buenos Aires denomin\u00f3 &quot;Barrio Padre Rodolfo Ricciardelli&quot; al conjunto urbano conocido como Villa 1-11-14 que se encuentra en el Bajo Flores &#8211; Comuna 7. Numerosos vecinos y asociaciones propiciaron esta denominaci\u00f3n sobre la que el Consejo Consultivo Comunal 7 oportunamente se expidi\u00f3 a favor en forma un\u00e1nime.<\/p>\n<p>La nomenclatura fue asignada al espacio delimitado por las avenidas Varela, l\u00edmite del Club Daom, Coronel Esteban Bonorino, Riestra, Presidente Torres y Tenorio, las calles Jos\u00e9 Barros Pazos, Agust\u00edn de Vedia, Coronel Martiniano Chilavert, deslinde entre la parcela 20 y la Fracci\u00f3n A con la Fracci\u00f3n 34 c de la Manzana 2T Secci\u00f3n 44 y las avenidas Gral. Francisco Fern\u00e1ndez de la Cruz y Perito Moreno.<\/p>\n<p>Ricciardelli mision\u00f3 entre los m\u00e1s pobres de esa zona desde el a\u00f1o 1968 y luego fue designado p\u00e1rroco de &quot;Santa Mar\u00eda Madre del Pueblo&quot;, primera fundada en una villa de emergencia por Monse\u00f1or Jorge Vernazza. Eligi\u00f3 esa comunidad para vivir y se comprometi\u00f3 con sus causas reivindicativas de dignidad y justicia desde el 1 de abril de 1999 cuando por entonces integraba el Equipo Pastoral en las villas de emergencia.<\/p>\n<p>Junto a Vernazza y un grupo que los ayudaba formaron la cooperativa de viviendas \u201cMadre del Pueblo\u201d con la que asistieron la construcci\u00f3n de varios barrios en el gran Buenos Aires, posibilitando el acceso a una vivienda digna a muchas familias. Muri\u00f3 el 13 de julio de 2008 y el entonces Arzobispo de Buenos Aires, Jorge Bergoglio hoy Papa Francisco- presidi\u00f3 secundado por sus obispos auxiliares la misa exequial. El f\u00e9retro fue trasladado a pie hasta el cementerio y sus amigos, compa\u00f1eros y vecinos el 13 de julio de 2010 lo exhumaron para depositarlo en el templo desde donde realiz\u00f3 su servicio pastoral.<\/p>\n<p>Hab\u00eda nacido el 29 de mayo de 1939 y fue ordenado sacerdote cat\u00f3lico en la ciudad de Buenos Aires el 22 de septiembre de 1962. Licenciado en Teolog\u00eda por la Pontificia Universidad Cat\u00f3lica Argentina &quot;Santa Mar\u00eda de los Buenos Aires&quot;, fund\u00f3 junto a otros pares el Movimiento de Sacerdotes del Tercer Mundo. Se desempe\u00f1\u00f3 como vicario cooperador de &quot;Santa Elena&quot; entre los a\u00f1os 1962 y 1968 y acompa\u00f1\u00f3 por m\u00e1s de treinta a\u00f1os a las comunidades pobres del Bajo Flores, en especial a la Villa 1.11.14, denominada as\u00ed por la fusi\u00f3n de tres asentamientos originales, siendo la m\u00e1s grande de nuestra ciudad.<\/p>\n<p>Los fundamentos del despacho elevado al Pleno por la Comisi\u00f3n de Cultura destacan que &quot;dedic\u00f3 su vida a vivir en las villas de emergencia, consustanci\u00e1ndose con el modo cotidiano de su gente y trabajando denodadamente en ese lugar, expandiendo su mirada atenta y su mano generosa a todos los que la necesitaran, con profundo compromiso religioso y social&quot;. Un grupo de estudiantes que investig\u00f3 la historial barrial en 2013 reafirm\u00f3 las inquietudes vecinales y ese mismo a\u00f1o la Junta Comunal emiti\u00f3 una resoluci\u00f3n para promover una acci\u00f3n legislativa.<\/p>\n<p>Cinco a\u00f1os m\u00e1s tarde alumnos de la Escuela de Ense\u00f1anza Media N\u00b0 3 -D.E. 19- &quot; Carlos Geniso&quot; retomaron la tem\u00e1tica de la identidad barrial y el Cuerpo de Delegados junto al Centro de Estudiantes, inspirados en la vida de Ricciardelli y su legado fortalecieron la propuesta de nomenclatura. A causa de ello en mayo del a\u00f1o 2018 la Comuna 7 present\u00f3 un proyecto parlamentario al que se agreg\u00f3 otro similar de la legisladora Mar\u00eda Rosa Mui\u00f1os (BP). En marzo del corriente a\u00f1o el se\u00f1or Zenon Quispe Itamari formaliz\u00f3 recomendaciones de miembros del Cuerpo de Delegados de la Villa 1-11-14 y del actual cura p\u00e1rroco, argumentando que &quot;Desde el a\u00f1o 2014, venimos utilizando el nombre de &quot;Barrio Padre Rodolfo Ricciardelli&quot; para nuestras distintas presentaciones ante los diversos organismos y\/o instituciones&quot;.<\/p>\n<p>El proyecto fue hecho propio por la legislatura Paula Andrea Penacca (UC). Sobre la denominaci\u00f3n tambi\u00e9n se hab\u00eda expedido favorablemente la Comisi\u00f3n Permanente de Nomenclatura Urbana y la Audiencia P\u00fablica efectuada el 10 de septiembre \u00faltimo. Por estos d\u00edas se encuentra avanzado un proyecto del escultor Alejandro Marmo -creador del proyecto &quot;Arte en las F\u00e1bricas&quot;- para instalar en la intersecci\u00f3n de avenidas Varela y Perito Moreno un retrato hecho con metales del padre Ricciardelli.<\/p>\n","protected":false},"excerpt":{"rendered":"<p>Mediante una ley aprobada por unanimidad en segunda lectura el Cuerpo Parlamentario de la Ciudad Aut\u00f3noma de Buenos Aires denomin\u00f3 &quot;Barrio Padre Rodolfo Ricciardelli&quot; al conjunto urbano conocido como Villa 1-11-14 que se encuentra en el Bajo Flores &#8211; Comuna 7. Numerosos vecinos y asociaciones propiciaron esta denominaci\u00f3n sobre la que el Consejo Consultivo Comunal [&hellip;]<\/p>\n","protected":false},"author":1,"featured_media":3106,"comment_status":"open","ping_status":"open","sticky":false,"template":"","format":"standard","meta":{"_et_pb_use_builder":"","_et_pb_old_content":"","_et_gb_content_width":"","footnotes":""},"categories":[11,32],"tags":[],"class_list":["post-3105","post","type-post","status-publish","format-standard","has-post-thumbnail","hentry","category-ciudad","category-comunas"],"_links":{"self":[{"href":"https:\/\/vocesdebaires.com.ar\/index.php\/wp-json\/wp\/v2\/posts\/3105"}],"collection":[{"href":"https:\/\/vocesdebaires.com.ar\/index.php\/wp-json\/wp\/v2\/posts"}],"about":[{"href":"https:\/\/vocesdebaires.com.ar\/index.php\/wp-json\/wp\/v2\/types\/post"}],"author":[{"embeddable":true,"href":"https:\/\/vocesdebaires.com.ar\/index.php\/wp-json\/wp\/v2\/users\/1"}],"replies":[{"embeddable":true,"href":"https:\/\/vocesdebaires.com.ar\/index.php\/wp-json\/wp\/v2\/comments?post=3105"}],"version-history":[{"count":0,"href":"https:\/\/vocesdebaires.com.ar\/index.php\/wp-json\/wp\/v2\/posts\/3105\/revisions"}],"wp:featuredmedia":[{"embeddable":true,"href":"https:\/\/vocesdebaires.com.ar\/index.php\/wp-json\/wp\/v2\/media\/3106"}],"wp:attachment":[{"href":"https:\/\/vocesdebaires.com.ar\/index.php\/wp-json\/wp\/v2\/media?parent=3105"}],"wp:term":[{"taxonomy":"category","embeddable":true,"href":"https:\/\/vocesdebaires.com.ar\/index.php\/wp-json\/wp\/v2\/categories?post=3105"},{"taxonomy":"post_tag","embeddable":true,"href":"https:\/\/vocesdebaires.com.ar\/index.php\/wp-json\/wp\/v2\/tags?post=3105"}],"curies":[{"name":"wp","href":"https:\/\/api.w.org\/{rel}","templated":true}]}}