{"id":3107,"date":"2019-11-08T03:00:00","date_gmt":"2019-11-08T06:00:00","guid":{"rendered":"http:\/\/vocesdebaires.com.ar\/wordpress\/index.php\/2019\/11\/08\/ratifican-el-pacto-federal-legislativo-de-salud\/"},"modified":"2019-11-08T03:00:00","modified_gmt":"2019-11-08T06:00:00","slug":"ratifican-el-pacto-federal-legislativo-de-salud","status":"publish","type":"post","link":"https:\/\/vocesdebaires.com.ar\/index.php\/2019\/11\/08\/ratifican-el-pacto-federal-legislativo-de-salud\/","title":{"rendered":"Ratifican el Pacto Federal Legislativo de Salud"},"content":{"rendered":"<p>La Legislatura de la Ciudad Aut\u00f3noma de Buenos Aires ratific\u00f3 el Pacto Federal Legislativo de Salud que fuera establecido mediante la Ley Nacional N\u00b0 27.054 del a\u00f1o 2014, referente a intercambio de informaci\u00f3n y cooperaci\u00f3n entre las distintas jurisdicci\u00f3n es del pa\u00eds en materia sanitaria. A trav\u00e9s del Consejo creado por esta norma se busca favorecer integralmente al sistematizado desarrollo sectorial, en materia de salud en toda la Rep\u00fablica Argentina. Est\u00e1 integrado por legisladores y funcionarios de las \u00e1reas de salud de todas las provincias para el intercambio de informaci\u00f3n respecto de las medidas que cada uno haya adoptado o analice adoptar en materia de salud y en lo posible, coordinando acciones conjuntas.<\/p>\n<p>La creaci\u00f3n del Consejo Federal Legislativo de Salud -COFELESA- constituye la forma m\u00e1s acabada de lo que se ha dado en llamar federalismo de concertaci\u00f3n, entendido como la conexi\u00f3n voluntaria entre las jurisdicciones a fines de coordinar, armonizar o unificar sus pol\u00edticas y sus normativas jur\u00eddicas. En 2014 se sanciona la Ley Nacional 27.054 que conforma el Consejo Federal Legislativo de Salud. Asimismo en su art\u00edculo 15 menciona la falta de ratificaci\u00f3n y al respecto la considera necesaria para que cada jurisdicci\u00f3n tenga su participaci\u00f3n activa. Cabe enfatizar que este Consejo es un \u00f3rgano deliberativo de origen pol\u00edtico que tiene por objeto la articulaci\u00f3n e impulso de pol\u00edticas legislativas en materia de salud en todo el territorio con la finalidad de estudiar, asesorar y elaborar proyectos legislativos; armonizar y promocionar la aplicaci\u00f3n de leyes comunes relativas a salud y realizar el control y seguimiento de la aplicabilidad de las mismas.<\/p>\n<p>Dentro de los temas que se han abordado y han sido analizados y tratados conjuntamente con expertos, se destaca lo relacionado a recursos humanos en salud, a una pol\u00edtica federal en salud com\u00fan para todo el pa\u00eds, la reforma al C\u00f3digo Civil en lo que hace a la atenci\u00f3n en salud, educaci\u00f3n sanitaria y alimentaria, medicamentos como bien social y producci\u00f3n p\u00fablica de ellos e insumos sanitarios, investigaci\u00f3n en seres humanos, calidad m\u00e9dica e institucional, salud y medio ambiente, derechos de los pacientes y su grupo familiar, residuos s\u00f3lidos y urbanos, funci\u00f3n y conflictos judiciales con la obras sociales provinciales, entre otros. La iniciativa de ratificaci\u00f3n fue presentada por los legisladores Jos\u00e9 Luis Acevedo y Paola Michielotto (VJ) y aprobada con 51 votos positivos, dos negativos del bloque AyL y tres abstenciones de FIT, IS y PTS FIT.<\/p>\n<p>Hu\u00e9spedes de Honor<\/p>\n<p>El referente de la comunidad isl\u00e1mica en Brasil Sheikh Jihad Hassan Hammadeh fue distinguido como Hu\u00e9sped de Honor de la Ciudad Aut\u00f3noma de Buenos Aires. Estar\u00e1 de visita en la Ciudad entre el 9 y el 22 de noviembre del corriente a\u00f1o. Participa en conferencias, debates y entrevistas en Brasil y en el extranjero sobre diversos temas relacionados con la religi\u00f3n, la cultura y la historia isl\u00e1micas, as\u00ed como los conflictos en el Medio Oriente, los refugiados y los derechos humanos. El legislador Omar Abboud (VJ) fue autor del proyecto.<\/p>\n<p>En el mismo sentido fue reconocida Jacqueline Gies, nieta de Robert Gies, oficial nazi responsable de la masacre de Lidice, ex Checoslovaquia. Visitar\u00e1 la ciudad del 6 al 14 de noviembre de este a\u00f1o con el objetivo de poder mantener la memoria y dar a conocer la verdad de los cr\u00edmenes cometidos por su abuelo, que fueron ocultados y jam\u00e1s condenados.<\/p>\n<p>El Centro Ana Frank, con motivo de su presencia, prepar\u00f3 un programa que incluir\u00e1 conferencias, seminarios para p\u00fablicos espec\u00edficos, eventos oficiales y otras actividades, teniendo como fin poner en valor el testimonio de una familiar directa de un perpetrador nazi, asumiendo as\u00ed una responsabilidad frente al negacionismo, el antisemitismo y la xenofobia que se han acentuado en estos tiempos. El legislador Diego Mar\u00edas (VJ) impuls\u00f3 la distinci\u00f3n.<\/p>\n","protected":false},"excerpt":{"rendered":"<p>La Legislatura de la Ciudad Aut\u00f3noma de Buenos Aires ratific\u00f3 el Pacto Federal Legislativo de Salud que fuera establecido mediante la Ley Nacional N\u00b0 27.054 del a\u00f1o 2014, referente a intercambio de informaci\u00f3n y cooperaci\u00f3n entre las distintas jurisdicci\u00f3n es del pa\u00eds en materia sanitaria. A trav\u00e9s del Consejo creado por esta norma se busca [&hellip;]<\/p>\n","protected":false},"author":1,"featured_media":3108,"comment_status":"open","ping_status":"open","sticky":false,"template":"","format":"standard","meta":{"_et_pb_use_builder":"","_et_pb_old_content":"","_et_gb_content_width":"","footnotes":""},"categories":[11,32],"tags":[],"class_list":["post-3107","post","type-post","status-publish","format-standard","has-post-thumbnail","hentry","category-ciudad","category-comunas"],"_links":{"self":[{"href":"https:\/\/vocesdebaires.com.ar\/index.php\/wp-json\/wp\/v2\/posts\/3107"}],"collection":[{"href":"https:\/\/vocesdebaires.com.ar\/index.php\/wp-json\/wp\/v2\/posts"}],"about":[{"href":"https:\/\/vocesdebaires.com.ar\/index.php\/wp-json\/wp\/v2\/types\/post"}],"author":[{"embeddable":true,"href":"https:\/\/vocesdebaires.com.ar\/index.php\/wp-json\/wp\/v2\/users\/1"}],"replies":[{"embeddable":true,"href":"https:\/\/vocesdebaires.com.ar\/index.php\/wp-json\/wp\/v2\/comments?post=3107"}],"version-history":[{"count":0,"href":"https:\/\/vocesdebaires.com.ar\/index.php\/wp-json\/wp\/v2\/posts\/3107\/revisions"}],"wp:featuredmedia":[{"embeddable":true,"href":"https:\/\/vocesdebaires.com.ar\/index.php\/wp-json\/wp\/v2\/media\/3108"}],"wp:attachment":[{"href":"https:\/\/vocesdebaires.com.ar\/index.php\/wp-json\/wp\/v2\/media?parent=3107"}],"wp:term":[{"taxonomy":"category","embeddable":true,"href":"https:\/\/vocesdebaires.com.ar\/index.php\/wp-json\/wp\/v2\/categories?post=3107"},{"taxonomy":"post_tag","embeddable":true,"href":"https:\/\/vocesdebaires.com.ar\/index.php\/wp-json\/wp\/v2\/tags?post=3107"}],"curies":[{"name":"wp","href":"https:\/\/api.w.org\/{rel}","templated":true}]}}