{"id":31196,"date":"2015-12-17T11:35:05","date_gmt":"2015-12-17T14:35:05","guid":{"rendered":"http:\/\/vocesdebaires.com.ar\/wordpress\/index.php\/2015\/12\/17\/afa-todavia-no-habra-elecciones\/"},"modified":"2015-12-17T11:35:05","modified_gmt":"2015-12-17T14:35:05","slug":"afa-todavia-no-habra-elecciones","status":"publish","type":"post","link":"https:\/\/vocesdebaires.com.ar\/index.php\/2015\/12\/17\/afa-todavia-no-habra-elecciones\/","title":{"rendered":"AFA: Todav\u00eda no habr\u00e1 elecciones"},"content":{"rendered":"<p>\u00a0<br \/>\nFinalmente, el tinellismo se sali\u00f3 con la suya: no habr\u00e1 elecciones en AFA este viernes. La Justicia hizo lugar a una medida cautelar\u00a0 presentada por un representante del club Independiente Rivadavia, de Mendoza, vinculado al grupo de Marcelo Tinelli, por lo que los comicios quedaron suspendidos.<br \/>\nLa decisi\u00f3n, tomada por la magistrada Gabriela Paradiso, quien interviene en el Juzgado N\u00famero 57 en el fuero Civil, posterga la segunda instancia electoral, tras la primera, frustrada por un lamentable empate, producto de un voto duplicado.<br \/>\nEl recurso fue presentado en el Juzgado Nacional de primera instancia n\u00famero 57, desde donde se orden\u00f3 la suspensi\u00f3n de la asamblea, que hab\u00eda pasado a cuarto intermedio el 3 de diciembre, despu\u00e9s de la paridad en 38 entre Luis Segura y Tinelli cuando hab\u00edan votado 75 asamble\u00edstas.<br \/>\nDe esta forma, Tinelli consigui\u00f3 en la Justicia lo que no hab\u00eda podido hacer en las negociaciones pol\u00edticas que hab\u00eda llevado adelante dentro y fuera de la m\u00e1xima entidad del f\u00fatbol local: evitar que se votara de inmediato, para, en la dilaci\u00f3n, conseguir el respaldo para ser el pr\u00f3ximo presidente.<br \/>\nHay un principio de acuerdo para que Segura siga 60 d\u00edas m\u00e1s como titular de la AFA y que se convoque a una nueva elecci\u00f3n. Otra versi\u00f3n se refiere al armado de un posible comit\u00e9 de transici\u00f3n. Por el momento, no hay una nueva fecha pautada para los comicios.<\/p>\n","protected":false},"excerpt":{"rendered":"<p>\u00a0 Finalmente, el tinellismo se sali\u00f3 con la suya: no habr\u00e1 elecciones en AFA este viernes. La Justicia hizo lugar a una medida cautelar\u00a0 presentada por un representante del club Independiente Rivadavia, de Mendoza, vinculado al grupo de Marcelo Tinelli, por lo que los comicios quedaron suspendidos. La decisi\u00f3n, tomada por la magistrada Gabriela Paradiso, [&hellip;]<\/p>\n","protected":false},"author":2,"featured_media":31197,"comment_status":"open","ping_status":"open","sticky":false,"template":"","format":"standard","meta":{"_et_pb_use_builder":"","_et_pb_old_content":"","_et_gb_content_width":"","footnotes":""},"categories":[39,14],"tags":[],"class_list":["post-31196","post","type-post","status-publish","format-standard","has-post-thumbnail","hentry","category-1o-division-a","category-deportes"],"_links":{"self":[{"href":"https:\/\/vocesdebaires.com.ar\/index.php\/wp-json\/wp\/v2\/posts\/31196"}],"collection":[{"href":"https:\/\/vocesdebaires.com.ar\/index.php\/wp-json\/wp\/v2\/posts"}],"about":[{"href":"https:\/\/vocesdebaires.com.ar\/index.php\/wp-json\/wp\/v2\/types\/post"}],"author":[{"embeddable":true,"href":"https:\/\/vocesdebaires.com.ar\/index.php\/wp-json\/wp\/v2\/users\/2"}],"replies":[{"embeddable":true,"href":"https:\/\/vocesdebaires.com.ar\/index.php\/wp-json\/wp\/v2\/comments?post=31196"}],"version-history":[{"count":0,"href":"https:\/\/vocesdebaires.com.ar\/index.php\/wp-json\/wp\/v2\/posts\/31196\/revisions"}],"wp:featuredmedia":[{"embeddable":true,"href":"https:\/\/vocesdebaires.com.ar\/index.php\/wp-json\/wp\/v2\/media\/31197"}],"wp:attachment":[{"href":"https:\/\/vocesdebaires.com.ar\/index.php\/wp-json\/wp\/v2\/media?parent=31196"}],"wp:term":[{"taxonomy":"category","embeddable":true,"href":"https:\/\/vocesdebaires.com.ar\/index.php\/wp-json\/wp\/v2\/categories?post=31196"},{"taxonomy":"post_tag","embeddable":true,"href":"https:\/\/vocesdebaires.com.ar\/index.php\/wp-json\/wp\/v2\/tags?post=31196"}],"curies":[{"name":"wp","href":"https:\/\/api.w.org\/{rel}","templated":true}]}}