{"id":3130,"date":"2019-11-07T03:00:00","date_gmt":"2019-11-07T06:00:00","guid":{"rendered":"http:\/\/vocesdebaires.com.ar\/wordpress\/index.php\/2019\/11\/07\/usina-del-arte-fiesta-la-cocina-italiana\/"},"modified":"2019-11-07T03:00:00","modified_gmt":"2019-11-07T06:00:00","slug":"usina-del-arte-fiesta-la-cocina-italiana","status":"publish","type":"post","link":"https:\/\/vocesdebaires.com.ar\/index.php\/2019\/11\/07\/usina-del-arte-fiesta-la-cocina-italiana\/","title":{"rendered":"Usina del Arte: fiesta la cocina italiana"},"content":{"rendered":"<p>Ser\u00e1 un d\u00eda \u00fanico para disfrutar de extraordinaria tradici\u00f3n culinaria, muy cara al sentimiento de los argentinos y argentinas -descendientes de familias italianas que llegaron a nuestro pa\u00eds durante la primera mitad del siglo XX. Por eso, el domingo 17 seremos sede principal del &quot;Gran d\u00eda de la cocina italiana de Buenos Aires&quot;: desde las 11 y hasta las 18 h se suceder\u00e1n m\u00faltiples actividades, degustaciones, clases de cocina, charlas magistrales, feria de alimentos, m\u00fasica en vivo y de la segunda edici\u00f3n del Campeonato Argentino del pesto genov\u00e9s al mortero, todo curado por el reconocido chef Pietro Sorva.<\/p>\n<p>Dentro de una gran programaci\u00f3n (aqu\u00ed disponible), se destaca la charla que Pietro Sorva y Donato de Santis mantendr\u00e1n sobre dos de las m\u00e1s bellas regiones de Liguria y Puglia, de sus caracter\u00edsticas gastron\u00f3micas y exquisitos sabores (a las 14 h en Calle interna). A las 13 y a las 15 h en el Patio Central, se podr\u00e1 asistir a un repaso por varios de los grandes cl\u00e1sicos de la \u00f3pera italian. En calle interna, a las 16 h, se llevar\u00e1 a cabo la segunda edici\u00f3n de la competencia nacional de pesto genov\u00e9s al mortero \u201cMaster Pesto\u201d. Y a las 17 h, en el Patio Central, el grupo Maxi Manzo y Los Picantes interpretar\u00e1 cl\u00e1sicos de la m\u00fasica popular italiana para concluir una gran fiesta cultural.<\/p>\n","protected":false},"excerpt":{"rendered":"<p>Ser\u00e1 un d\u00eda \u00fanico para disfrutar de extraordinaria tradici\u00f3n culinaria, muy cara al sentimiento de los argentinos y argentinas -descendientes de familias italianas que llegaron a nuestro pa\u00eds durante la primera mitad del siglo XX. Por eso, el domingo 17 seremos sede principal del &quot;Gran d\u00eda de la cocina italiana de Buenos Aires&quot;: desde las [&hellip;]<\/p>\n","protected":false},"author":1,"featured_media":3131,"comment_status":"open","ping_status":"open","sticky":false,"template":"","format":"standard","meta":{"_et_pb_use_builder":"","_et_pb_old_content":"","_et_gb_content_width":"","footnotes":""},"categories":[11,33],"tags":[],"class_list":["post-3130","post","type-post","status-publish","format-standard","has-post-thumbnail","hentry","category-ciudad","category-sociedad-y-cultura-2"],"_links":{"self":[{"href":"https:\/\/vocesdebaires.com.ar\/index.php\/wp-json\/wp\/v2\/posts\/3130"}],"collection":[{"href":"https:\/\/vocesdebaires.com.ar\/index.php\/wp-json\/wp\/v2\/posts"}],"about":[{"href":"https:\/\/vocesdebaires.com.ar\/index.php\/wp-json\/wp\/v2\/types\/post"}],"author":[{"embeddable":true,"href":"https:\/\/vocesdebaires.com.ar\/index.php\/wp-json\/wp\/v2\/users\/1"}],"replies":[{"embeddable":true,"href":"https:\/\/vocesdebaires.com.ar\/index.php\/wp-json\/wp\/v2\/comments?post=3130"}],"version-history":[{"count":0,"href":"https:\/\/vocesdebaires.com.ar\/index.php\/wp-json\/wp\/v2\/posts\/3130\/revisions"}],"wp:featuredmedia":[{"embeddable":true,"href":"https:\/\/vocesdebaires.com.ar\/index.php\/wp-json\/wp\/v2\/media\/3131"}],"wp:attachment":[{"href":"https:\/\/vocesdebaires.com.ar\/index.php\/wp-json\/wp\/v2\/media?parent=3130"}],"wp:term":[{"taxonomy":"category","embeddable":true,"href":"https:\/\/vocesdebaires.com.ar\/index.php\/wp-json\/wp\/v2\/categories?post=3130"},{"taxonomy":"post_tag","embeddable":true,"href":"https:\/\/vocesdebaires.com.ar\/index.php\/wp-json\/wp\/v2\/tags?post=3130"}],"curies":[{"name":"wp","href":"https:\/\/api.w.org\/{rel}","templated":true}]}}