{"id":3133,"date":"2019-11-06T03:00:00","date_gmt":"2019-11-06T06:00:00","guid":{"rendered":"http:\/\/vocesdebaires.com.ar\/wordpress\/index.php\/2019\/11\/06\/legislatura-buscan-poner-en-valor-los-bajoautopista\/"},"modified":"2019-11-06T03:00:00","modified_gmt":"2019-11-06T06:00:00","slug":"legislatura-buscan-poner-en-valor-los-bajoautopista","status":"publish","type":"post","link":"https:\/\/vocesdebaires.com.ar\/index.php\/2019\/11\/06\/legislatura-buscan-poner-en-valor-los-bajoautopista\/","title":{"rendered":"Legislatura: Buscan poner en valor los bajoautopista"},"content":{"rendered":"<p>El legislador porte\u00f1o Diego Garc\u00eda Vilas (Confianza P\u00fablica &#8211; Juntos por el Cambio) present\u00f3 ayer martes en la Legislatura de la Ciudad el proyecto que establece la puesta en valor y concesi\u00f3n de predios ubicados debajo de las Autopistas Perito Moreno y Presidente Arturo Frondizi, con el objetivo de integrarlos al tejido urbano. La iniciativa, firmada en coautor\u00eda con los legisladores Maximiliano Ferraro y Daniel Presti, contempla la instalaci\u00f3n de actividades comerciales, sociales, deportivas y culturales en los denominados &quot;bajoautopista&quot;, adem\u00e1s de la mejora del entorno y la creaci\u00f3n de nuevos espacios verdes.<\/p>\n<p>&quot;Desde el inicio de la construcci\u00f3n de estas autopistas en la d\u00e9cada del \u00b480 hasta la actualidad no hubo un proyecto para integrarlas a la traza urbana, generando una barrera que afecta la transitabilidad&quot;, se\u00f1ala el expediente. &quot;Hoy, los espacios ubicados bajo estas autopistas se encuentran en condiciones precarias, mayormente en desuso, sin mantenimiento, limpieza y vigilancia, convirti\u00e9ndose en una barrera urbana que impide el desarrollo de actividades de inter\u00e9s para los vecinos&quot;, agrega.<\/p>\n<p>El proyecto autoriza el otorgamiento de concesiones como estrategia para incrementar el valor social de estos espacios, con el fin de mejorar la circulaci\u00f3n -tanto peatonal como vehicular-, favorecer la instalaci\u00f3n de centros culturales, locales comerciales, talleres y oficinas. Adem\u00e1s, se establecen los lineamientos generales de edificaci\u00f3n de manera tal que las obras a realizarse garanticen espacios m\u00e1s seguros, iluminados y amigables para los vecinos. El expediente se suma a la Ley de puesta en valor y concesi\u00f3n de los predios en desuso bajo la Autopista 25 de mayo, aprobada el a\u00f1o pasado en la Legislatura por iniciativa del legislador\u00a0 Garc\u00eda Vilas y el Ejecutivo porte\u00f1o.<\/p>\n","protected":false},"excerpt":{"rendered":"<p>El legislador porte\u00f1o Diego Garc\u00eda Vilas (Confianza P\u00fablica &#8211; Juntos por el Cambio) present\u00f3 ayer martes en la Legislatura de la Ciudad el proyecto que establece la puesta en valor y concesi\u00f3n de predios ubicados debajo de las Autopistas Perito Moreno y Presidente Arturo Frondizi, con el objetivo de integrarlos al tejido urbano. La iniciativa, [&hellip;]<\/p>\n","protected":false},"author":1,"featured_media":3134,"comment_status":"open","ping_status":"open","sticky":false,"template":"","format":"standard","meta":{"_et_pb_use_builder":"","_et_pb_old_content":"","_et_gb_content_width":"","footnotes":""},"categories":[11,32],"tags":[],"class_list":["post-3133","post","type-post","status-publish","format-standard","has-post-thumbnail","hentry","category-ciudad","category-comunas"],"_links":{"self":[{"href":"https:\/\/vocesdebaires.com.ar\/index.php\/wp-json\/wp\/v2\/posts\/3133"}],"collection":[{"href":"https:\/\/vocesdebaires.com.ar\/index.php\/wp-json\/wp\/v2\/posts"}],"about":[{"href":"https:\/\/vocesdebaires.com.ar\/index.php\/wp-json\/wp\/v2\/types\/post"}],"author":[{"embeddable":true,"href":"https:\/\/vocesdebaires.com.ar\/index.php\/wp-json\/wp\/v2\/users\/1"}],"replies":[{"embeddable":true,"href":"https:\/\/vocesdebaires.com.ar\/index.php\/wp-json\/wp\/v2\/comments?post=3133"}],"version-history":[{"count":0,"href":"https:\/\/vocesdebaires.com.ar\/index.php\/wp-json\/wp\/v2\/posts\/3133\/revisions"}],"wp:featuredmedia":[{"embeddable":true,"href":"https:\/\/vocesdebaires.com.ar\/index.php\/wp-json\/wp\/v2\/media\/3134"}],"wp:attachment":[{"href":"https:\/\/vocesdebaires.com.ar\/index.php\/wp-json\/wp\/v2\/media?parent=3133"}],"wp:term":[{"taxonomy":"category","embeddable":true,"href":"https:\/\/vocesdebaires.com.ar\/index.php\/wp-json\/wp\/v2\/categories?post=3133"},{"taxonomy":"post_tag","embeddable":true,"href":"https:\/\/vocesdebaires.com.ar\/index.php\/wp-json\/wp\/v2\/tags?post=3133"}],"curies":[{"name":"wp","href":"https:\/\/api.w.org\/{rel}","templated":true}]}}