{"id":3135,"date":"2019-11-06T03:00:00","date_gmt":"2019-11-06T06:00:00","guid":{"rendered":"http:\/\/vocesdebaires.com.ar\/wordpress\/index.php\/2019\/11\/06\/el-libro-nunca-mas-declarado-interes-social\/"},"modified":"2019-11-06T03:00:00","modified_gmt":"2019-11-06T06:00:00","slug":"el-libro-nunca-mas-declarado-interes-social","status":"publish","type":"post","link":"https:\/\/vocesdebaires.com.ar\/index.php\/2019\/11\/06\/el-libro-nunca-mas-declarado-interes-social\/","title":{"rendered":"El libro Nunca M\u00e1s, declarado inter\u00e9s social"},"content":{"rendered":"<p>En una c\u00e1lida y emotiva ceremonia la Legislatura porte\u00f1a rindi\u00f3 homenaje luego de haber\u00a0 declarado de\u00a0 &quot;inter\u00e9s social, cultural y para la promoci\u00f3n de la Defensa de los Derechos Humanos al libro NUNCA MAS, al cumplirse 35 a\u00f1os de su publicaci\u00f3n durante la presidencia\u00a0 del Dr Ra\u00fal Alfons\u00edn, por una iniciativa de la legisladora Mar\u00eda Patricia Vischi (Evoluci\u00f3n). La librer\u00eda EUDEBA fue el marco propicio donde participaron Oscar Mui\u00f1o, periodista e historiador, Magdalena Ruiz Gui\u00f1azu, periodista y miembro de la CONADEP y\u00a0 Gonzalo Alvarez, presidente de Eudeba. A su vez se realiz\u00f3 un reconocimiento al Vicegobernador de la Provincia de Buenos Aires, Daniel Salvador quien fuera secretario de la CONADEP.<\/p>\n<p>&quot;El hist\u00f3rico libro que recuerda las p\u00e1ginas m\u00e1s tristes y sangrientas de nuestra historia fue el resultado de la\u00a0 enorme documentaci\u00f3n recogida por la Comisi\u00f3n Nacional\u00a0\u00a0 sobre la Desaparici\u00f3n de Personas,\u00a0 sostiene que los derechos humanos fueron violados de manera sistem\u00e1tica y org\u00e1nica por la represi\u00f3n estatal, con similares secuestros e id\u00e9nticos tormentos, utilizando una metodolog\u00eda del terror planificada cuidadosamente por los altos mandos de las Fuerzas Armadas, rechazando as\u00ed la posibilidad de que se hubiera tratado de excesos&quot;, describe la legisladora Vischi en los fundamentos del proyecto. En el mes de septiembre, la Legislatura de la Ciudad aprob\u00f3 una declaraci\u00f3n que conmemora \u201cel 35\u00ba aniversario de la entrega al Ex Presidente de la Rep\u00fablica, Dr. Ra\u00fal Ricardo Alfons\u00edn del informe final de la CONADEP, el d\u00eda 20 de septiembre de 1984\u201d. En este marco, la legisladora Mar\u00eda Patricia Vischi promovi\u00f3 la declaraci\u00f3n de Inter\u00e9s Social, Cultural y para la promoci\u00f3n de la Defensa de los<\/p>\n<p>Derechos Humanos de la Ciudad Aut\u00f3noma de Buenos Aires del libro \u201cNunca M\u00e1s\u201d, sobre los cr\u00edmenes cometidos durante la dictadura c\u00edvico-militar en nuestro pa\u00eds entre los a\u00f1os 1976 y 1983. El 20 de septiembre de 2019 se cumplieron 35 a\u00f1os de la entrega del informe final de la Comisi\u00f3n Nacional sobre Desaparici\u00f3n de Personas CONADEP, creada por el gobierno constitucional de Alfons\u00edn por decreto 187\/83. Estuvo integrada por Ricardo Colombres, Ren\u00e9 Favaloro, Hilario Fern\u00e1ndez Long, Carlos T. Gattinoni, Gregorio Klimovsky, Marshall T. Meyer, Jaime F. de Nevares, Eduardo Rabossi, Magdalena Ruiz Gui\u00f1az\u00fa, Ernesto S\u00e1bato y los diputados nacionales Santiago M. L\u00f3pez, Hugo D. Piucill y Horacio H. Huarte.<\/p>\n<p>\u201cLas primeras medidas de Alfons\u00edn en relaci\u00f3n a la defensa de los Derechos Humanos, la memoria y la justicia estuvieron signadas por la derogaci\u00f3n de la Ley de Autoamnist\u00eda, el procesamiento de los ex comandantes de las Juntas Militares que formaron parte de la dictadura y la creaci\u00f3n de la CONADEP, el 15 de diciembre de 1983, primera comisi\u00f3n de ese tipo en Am\u00e9rica Latina\u201d, expres\u00f3 la autora de la declaraci\u00f3n. Adem\u00e1s del informe final y la recepci\u00f3n de pruebas y nuevas denuncias, la CONADEP tuvo como funciones la averiguaci\u00f3n de los destinos de los desaparecidos, la determinaci\u00f3n de la ubicaci\u00f3n de ni\u00f1os sustra\u00eddos y denunciar ante la justicia cualquier intento de ocultamiento o destrucci\u00f3n de pruebas. El informe final fue publicado en forma de libro bajo el nombre \u201cNunca M\u00e1s\u201d.<\/p>\n","protected":false},"excerpt":{"rendered":"<p>En una c\u00e1lida y emotiva ceremonia la Legislatura porte\u00f1a rindi\u00f3 homenaje luego de haber\u00a0 declarado de\u00a0 &quot;inter\u00e9s social, cultural y para la promoci\u00f3n de la Defensa de los Derechos Humanos al libro NUNCA MAS, al cumplirse 35 a\u00f1os de su publicaci\u00f3n durante la presidencia\u00a0 del Dr Ra\u00fal Alfons\u00edn, por una iniciativa de la legisladora Mar\u00eda [&hellip;]<\/p>\n","protected":false},"author":1,"featured_media":3136,"comment_status":"open","ping_status":"open","sticky":false,"template":"","format":"standard","meta":{"_et_pb_use_builder":"","_et_pb_old_content":"","_et_gb_content_width":"","footnotes":""},"categories":[11,32],"tags":[],"class_list":["post-3135","post","type-post","status-publish","format-standard","has-post-thumbnail","hentry","category-ciudad","category-comunas"],"_links":{"self":[{"href":"https:\/\/vocesdebaires.com.ar\/index.php\/wp-json\/wp\/v2\/posts\/3135"}],"collection":[{"href":"https:\/\/vocesdebaires.com.ar\/index.php\/wp-json\/wp\/v2\/posts"}],"about":[{"href":"https:\/\/vocesdebaires.com.ar\/index.php\/wp-json\/wp\/v2\/types\/post"}],"author":[{"embeddable":true,"href":"https:\/\/vocesdebaires.com.ar\/index.php\/wp-json\/wp\/v2\/users\/1"}],"replies":[{"embeddable":true,"href":"https:\/\/vocesdebaires.com.ar\/index.php\/wp-json\/wp\/v2\/comments?post=3135"}],"version-history":[{"count":0,"href":"https:\/\/vocesdebaires.com.ar\/index.php\/wp-json\/wp\/v2\/posts\/3135\/revisions"}],"wp:featuredmedia":[{"embeddable":true,"href":"https:\/\/vocesdebaires.com.ar\/index.php\/wp-json\/wp\/v2\/media\/3136"}],"wp:attachment":[{"href":"https:\/\/vocesdebaires.com.ar\/index.php\/wp-json\/wp\/v2\/media?parent=3135"}],"wp:term":[{"taxonomy":"category","embeddable":true,"href":"https:\/\/vocesdebaires.com.ar\/index.php\/wp-json\/wp\/v2\/categories?post=3135"},{"taxonomy":"post_tag","embeddable":true,"href":"https:\/\/vocesdebaires.com.ar\/index.php\/wp-json\/wp\/v2\/tags?post=3135"}],"curies":[{"name":"wp","href":"https:\/\/api.w.org\/{rel}","templated":true}]}}